{"id":4276,"date":"2019-12-13T14:43:39","date_gmt":"2019-12-13T12:43:39","guid":{"rendered":"https:\/\/www.gavirental.com\/blog\/?p=4276"},"modified":"2020-02-11T17:57:10","modified_gmt":"2020-02-11T15:57:10","slug":"luces-navidad-2019-2020-que-no-te-puedes-perder","status":"publish","type":"post","link":"https:\/\/www.gavirental.com\/blog\/luces-navidad-2019-2020-que-no-te-puedes-perder\/","title":{"rendered":"Las luces de Navidad en Madrid 2019-2020 que no te puedes perder"},"content":{"rendered":"<p>A lo largo del globo las ciudades sacan sus mejores galas cuando llegan las navidades, y Madrid, no pod\u00eda ser menos. Por eso el pasado<strong> 23 de noviembre<\/strong> la capital espa\u00f1ola dio el pistoletazo de salida <strong>al encendido de la iluminaci\u00f3n navide\u00f1a.\u00a0<\/strong><\/p>\n<p>Si est\u00e1s pensando en pasar unos d\u00edas en la ciudad o, simplemente, quieres hacer un plan divertido y original no lo dudes y toma nota de cu\u00e1les son las mejores luces de navidad, d\u00f3nde y cu\u00e1ndo poder disfrutar de ellas.<\/p>\n<h2>\u00bfEn qu\u00e9 calles hay luces navide\u00f1as en Madrid?<\/h2>\n<div id=\"attachment_4277\" style=\"width: 2058px\" class=\"wp-caption aligncenter\"><a href=\"https:\/\/www.gavirental.com\/blog\/wp-content\/uploads\/2019\/12\/iStock-491785339-2.jpg\"><img aria-describedby=\"caption-attachment-4277\" decoding=\"async\" loading=\"lazy\" class=\"wp-image-4277 size-full\" src=\"https:\/\/www.gavirental.com\/blog\/wp-content\/uploads\/2019\/12\/iStock-491785339-2.jpg\" alt=\"Traffic Light Trails on Decorated Street\" width=\"2048\" height=\"1365\" srcset=\"https:\/\/www.gavirental.com\/blog\/wp-content\/uploads\/2019\/12\/iStock-491785339-2.jpg 2048w, https:\/\/www.gavirental.com\/blog\/wp-content\/uploads\/2019\/12\/iStock-491785339-2-300x200.jpg 300w, https:\/\/www.gavirental.com\/blog\/wp-content\/uploads\/2019\/12\/iStock-491785339-2-1024x682.jpg 1024w, https:\/\/www.gavirental.com\/blog\/wp-content\/uploads\/2019\/12\/iStock-491785339-2-600x400.jpg 600w\" sizes=\"(max-width: 2048px) 100vw, 2048px\" \/><\/a><p id=\"caption-attachment-4277\" class=\"wp-caption-text\">Luces de Navidad Centro de Madrid<\/p><\/div>\n<p>Aunque la mayor\u00eda de los barrios de la ciudad se han unido a la celebraci\u00f3n por todo lo alto iluminando sus calles&#8230;Si hay que reconocer que algunos de los dise\u00f1os navide\u00f1os merecen la pena por su originalidad y porque -como te detallamos a continuaci\u00f3n- parte de ellos cuentan con espect\u00e1culo de luces integrado.<\/p>\n<ul>\n<li><strong>\u00c1rboles navide\u00f1os<\/strong>: Tal y como ha pasado en ediciones anteriores, es uno de los elementos que se han vuelto en un cl\u00e1sico indispensables y caracter\u00edsticos del recorrido de luces navide\u00f1as de Madrid. Los lugares donde han ubicado este a\u00f1o los abetos son:<strong> paseo del Prado, Atocha, Plaza de Oriente, \u00d3pera,\u00a0 Plaza de Oriente, Plaza del Cardenal Cisneros, Plaza Castilla, Calle de Arturo Soria.<\/strong><\/li>\n<li><strong>Calles decoradas con nuevos dise\u00f1os<\/strong>:<strong> Calle Fuencarral, Calle Mayor, Plaza de Canalejas-Carrera de San Jer\u00f3nimo, Plaza de Neptuno, Plaza de Cibeles y Glorieta de Cuatro Cuatro Caminos, Calle Alcal\u00e1 y Gran V\u00eda.<\/strong><\/li>\n<li><strong>Joya de la corona:<\/strong>\u00a0 Sin lugar a dudas, lo que s\u00ed o s\u00ed ten\u00e9is que ver es<strong> la enorme bola navide\u00f1a de luces<\/strong> que se ha instalado<strong> al lado del Edificio Metr\u00f3polis<\/strong> y que cuenta con un <strong>espect\u00e1culo de luces y sonido<\/strong> sincronizados que se reproduce durante tres veces a lo largo de cada jornada.\n<div id=\"attachment_4278\" style=\"width: 2058px\" class=\"wp-caption aligncenter\"><a href=\"https:\/\/www.gavirental.com\/blog\/wp-content\/uploads\/2019\/12\/iStock-1190367523.jpg\"><img aria-describedby=\"caption-attachment-4278\" decoding=\"async\" loading=\"lazy\" class=\"size-full wp-image-4278\" src=\"https:\/\/www.gavirental.com\/blog\/wp-content\/uploads\/2019\/12\/iStock-1190367523.jpg\" alt=\"\u00c1rbol de Navidad en la Puerta del Sol\" width=\"2048\" height=\"1560\" srcset=\"https:\/\/www.gavirental.com\/blog\/wp-content\/uploads\/2019\/12\/iStock-1190367523.jpg 2048w, https:\/\/www.gavirental.com\/blog\/wp-content\/uploads\/2019\/12\/iStock-1190367523-300x228.jpg 300w, https:\/\/www.gavirental.com\/blog\/wp-content\/uploads\/2019\/12\/iStock-1190367523-1024x780.jpg 1024w, https:\/\/www.gavirental.com\/blog\/wp-content\/uploads\/2019\/12\/iStock-1190367523-600x457.jpg 600w\" sizes=\"(max-width: 2048px) 100vw, 2048px\" \/><\/a><p id=\"caption-attachment-4278\" class=\"wp-caption-text\">\u00c1rbol de Navidad en la Puerta del Sol<\/p><\/div><\/li>\n<\/ul>\n<h2>\u00bfCu\u00e1les son los horarios del alumbrado navide\u00f1o en Madrid?<\/h2>\n<p>A la hora de<strong> planificar la ruta para disfrutar de las luces navide\u00f1as<\/strong> hay que tener presente que seg\u00fan el d\u00eda que hayamos pensado disfrutar de ellas no estar\u00e1n encendidas durante las mimas horas, a continuaci\u00f3n te contamos con detalle cu\u00e1l es el programa para que no te pierdas nada.<\/p>\n<ul>\n<li>De<strong> lunes a mi\u00e9rcoles<\/strong> y los <strong>domingos<\/strong> el alumbrado empezar\u00e1 a las 18 horas y terminar\u00e1 a las 23 horas.<\/li>\n<li>De <strong>jueves a s\u00e1bado<\/strong> las luces se encender\u00e1n desde las 18 horas y se apagar\u00e1n a las 24 horas. (Los d\u00edas <strong>25 de diciembre, 1 y 6 de enero<\/strong> tambi\u00e9n tendr\u00e1n este horario).<\/li>\n<li>Como fechas se\u00f1aladas -y en las que debemos de tener en cuenta que quiz\u00e1s la afluencia de gente sea mayor a la de otros d\u00edas- durante <strong>los d\u00edas 24 de diciembre y 5 de enero<\/strong> la iluminaci\u00f3n navide\u00f1a arrancar\u00e1 a las 18 horas y <strong><strong>permanecer\u00e1n luciendo hasta las 3 de la madrugada.<\/strong><\/strong>\n<div id=\"attachment_4279\" style=\"width: 2058px\" class=\"wp-caption aligncenter\"><a href=\"https:\/\/www.gavirental.com\/blog\/wp-content\/uploads\/2019\/12\/iStock-898898474.jpg\"><img aria-describedby=\"caption-attachment-4279\" decoding=\"async\" loading=\"lazy\" class=\"size-full wp-image-4279\" src=\"https:\/\/www.gavirental.com\/blog\/wp-content\/uploads\/2019\/12\/iStock-898898474.jpg\" alt=\"Luces de Navidad en Gran V\u00eda\" width=\"2048\" height=\"1365\" srcset=\"https:\/\/www.gavirental.com\/blog\/wp-content\/uploads\/2019\/12\/iStock-898898474.jpg 2048w, https:\/\/www.gavirental.com\/blog\/wp-content\/uploads\/2019\/12\/iStock-898898474-300x200.jpg 300w, https:\/\/www.gavirental.com\/blog\/wp-content\/uploads\/2019\/12\/iStock-898898474-1024x682.jpg 1024w, https:\/\/www.gavirental.com\/blog\/wp-content\/uploads\/2019\/12\/iStock-898898474-600x400.jpg 600w\" sizes=\"(max-width: 2048px) 100vw, 2048px\" \/><\/a><p id=\"caption-attachment-4279\" class=\"wp-caption-text\">Luces de Navidad en Gran V\u00eda<\/p><\/div>\n<p>Pero atentos porque <strong>el r\u00e9cord en cuanto a duraci\u00f3n de las luces de navidad este 2019-2020 se lo lleva la Nochevieja<\/strong>\u00a0\u00a1El alumbrado navide\u00f1o estar\u00e1 encendido durante doce horas! desde las 18 horas <strong>hasta las 6 horas de la ma\u00f1ana.<\/strong> As\u00ed que si ten\u00e9is pensado alargar la noche de celebraci\u00f3n podr\u00e9is disfrutar de ellas sin problema. Es una buena forma de empezar el a\u00f1o \u00bfVerdad?.<\/li>\n<\/ul>\n<p>&nbsp;<\/p>\n","protected":false},"excerpt":{"rendered":"<p>A lo largo del globo las ciudades sacan sus mejores galas cuando llegan las navidades, y Madrid, no pod\u00eda ser menos. Por eso el pasado 23 de noviembre la capital espa\u00f1ola dio el pistoletazo de salida al encendido de la iluminaci\u00f3n navide\u00f1a.\u00a0 Si est\u00e1s pensando en pasar unos d\u00edas en la ciudad o, simplemente, quieres hacer un plan divertido y &#8230;<\/p>\n","protected":false},"author":1,"featured_media":4278,"comment_status":"closed","ping_status":"closed","sticky":false,"template":"","format":"standard","meta":[],"categories":[3],"tags":[138,1186,1185],"_links":{"self":[{"href":"https:\/\/www.gavirental.com\/blog\/wp-json\/wp\/v2\/posts\/4276"}],"collection":[{"href":"https:\/\/www.gavirental.com\/blog\/wp-json\/wp\/v2\/posts"}],"about":[{"href":"https:\/\/www.gavirental.com\/blog\/wp-json\/wp\/v2\/types\/post"}],"author":[{"embeddable":true,"href":"https:\/\/www.gavirental.com\/blog\/wp-json\/wp\/v2\/users\/1"}],"replies":[{"embeddable":true,"href":"https:\/\/www.gavirental.com\/blog\/wp-json\/wp\/v2\/comments?post=4276"}],"version-history":[{"count":4,"href":"https:\/\/www.gavirental.com\/blog\/wp-json\/wp\/v2\/posts\/4276\/revisions"}],"predecessor-version":[{"id":4283,"href":"https:\/\/www.gavirental.com\/blog\/wp-json\/wp\/v2\/posts\/4276\/revisions\/4283"}],"wp:featuredmedia":[{"embeddable":true,"href":"https:\/\/www.gavirental.com\/blog\/wp-json\/wp\/v2\/media\/4278"}],"wp:attachment":[{"href":"https:\/\/www.gavirental.com\/blog\/wp-json\/wp\/v2\/media?parent=4276"}],"wp:term":[{"taxonomy":"category","embeddable":true,"href":"https:\/\/www.gavirental.com\/blog\/wp-json\/wp\/v2\/categories?post=4276"},{"taxonomy":"post_tag","embeddable":true,"href":"https:\/\/www.gavirental.com\/blog\/wp-json\/wp\/v2\/tags?post=4276"}],"curies":[{"name":"wp","href":"https:\/\/api.w.org\/{rel}","templated":true}]}}