{"id":4306,"date":"2020-01-03T15:08:40","date_gmt":"2020-01-03T13:08:40","guid":{"rendered":"https:\/\/www.gavirental.com\/blog\/?p=4306"},"modified":"2020-02-11T18:00:20","modified_gmt":"2020-02-11T16:00:20","slug":"cabalgata-madrid-2020","status":"publish","type":"post","link":"https:\/\/www.gavirental.com\/blog\/cabalgata-madrid-2020\/","title":{"rendered":"Cabalgata Madrid 2020"},"content":{"rendered":"<p>&nbsp;<\/p>\n<p>Sus majestades los Reyes Magos casi han finalizado su largo camino teniendo prevista su llegada a Madrid para este pr\u00f3ximo domingo d\u00eda 5 de enero. No pierdas detalle porque te contamos a continuaci\u00f3n todo lo que necesitas saber sobre las distintas cabalgatas que recorrer\u00e1n la capital.<\/p>\n<p>Aunque ser\u00e1n muchas las cabalgatas que se\u00a0dar\u00e1n cita a lo largo de Madrid, sabemos que hay una protagonista por encima de todas, y es la que recorre las principales calles del centro de la misma<img decoding=\"async\" loading=\"lazy\" class=\"aligncenter size-full wp-image-4307\" src=\"https:\/\/www.gavirental.com\/blog\/wp-content\/uploads\/2020\/01\/Publicacion_fbk.jpg\" alt=\"Publicacion_fbk\" width=\"1200\" height=\"628\" srcset=\"https:\/\/www.gavirental.com\/blog\/wp-content\/uploads\/2020\/01\/Publicacion_fbk.jpg 1200w, https:\/\/www.gavirental.com\/blog\/wp-content\/uploads\/2020\/01\/Publicacion_fbk-300x157.jpg 300w, https:\/\/www.gavirental.com\/blog\/wp-content\/uploads\/2020\/01\/Publicacion_fbk-1024x535.jpg 1024w, https:\/\/www.gavirental.com\/blog\/wp-content\/uploads\/2020\/01\/Publicacion_fbk-600x314.jpg 600w\" sizes=\"(max-width: 1200px) 100vw, 1200px\" \/>.<\/p>\n<h2>Cabalgata Madrid 2020<\/h2>\n<p>La estrella de todas las cabalgatas de Reyes Magos que habr\u00e1 en la Comunidad de Madrid, por eso es importante saber que debido a su magnitud,<strong> el tr\u00e1fico se ver\u00e1 afectado con cortes en algunas zonas de la capital desde las 10:00 horas de la ma\u00f1ana del 5 de enero<\/strong>. El recorrido tiene previsto empezar a las <strong>18:30 horas desde el Paseo de la Castellana (Nuevos Ministerios esquina Plaza San Juan de la Cruz), y terminar\u00e1 a las 21:00 horas aproximadamente en la Plaza de Cibeles.<\/strong><\/p>\n<p><strong>Para que todos puedan disfrutar de sus majestades contar\u00e1 con gradas disponibles para el acceso del p\u00fablico general (instaladas entre Emilio Castelar y la Plaza de Col\u00f3n)<\/strong>. Tambi\u00e9n las personas con movilidad reducida podr\u00e1n ver la cabalgata gracias a la instalaci\u00f3n de plazas espec\u00edficas para ello situadas a lo largo del itinerario como pueden ser en San Juan de la Cruz, plaza del Doctor Mara\u00f1\u00f3n, glorieta de Emilio Castelar y de plaza de Col\u00f3n.<\/p>\n<h2>Otras cabalgas en\u00a0 Madrid<\/h2>\n<p>Adem\u00e1s de la cabalgata principal merece la pena a veces desviarse y poder as\u00ed divertirse contemplando otros desfiles que, aunque m\u00e1s peque\u00f1os<strong>, pueden ser un acierto ya que al haber menos aglomeraci\u00f3n de gente, probablemente se podr\u00e1 disfrutar de m\u00e1s cerca a los Reyes Magos, y\u00a0 tambi\u00e9n de los caramelo<\/strong>s.<\/p>\n<p>Por lo tanto, otros recorridos que estar\u00e1n durante el fin de semana ser\u00e1 la del barrio de <strong>Tetu\u00e1n<\/strong> que comenzar\u00e1 el s\u00e1bado 4 de enero y que comenzar\u00e1 a las 18:00h desde la glorieta de Cuatro Caminos. Y esta tarde d\u00eda 3 en la Plaza del Per\u00fa dar\u00e1 el pistoletazo de salida la que recorrer\u00e1 el barrio de <strong>Chamart\u00edn<\/strong>.<\/p>\n<p>&nbsp;<\/p>\n","protected":false},"excerpt":{"rendered":"<p>&nbsp; Sus majestades los Reyes Magos casi han finalizado su largo camino teniendo prevista su llegada a Madrid para este pr\u00f3ximo domingo d\u00eda 5 de enero. No pierdas detalle porque te contamos a continuaci\u00f3n todo lo que necesitas saber sobre las distintas cabalgatas que recorrer\u00e1n la capital. Aunque ser\u00e1n muchas las cabalgatas que se\u00a0dar\u00e1n cita a lo largo de Madrid, &#8230;<\/p>\n","protected":false},"author":1,"featured_media":4309,"comment_status":"closed","ping_status":"closed","sticky":false,"template":"","format":"standard","meta":[],"categories":[1],"tags":[693,715,824,172],"_links":{"self":[{"href":"https:\/\/www.gavirental.com\/blog\/wp-json\/wp\/v2\/posts\/4306"}],"collection":[{"href":"https:\/\/www.gavirental.com\/blog\/wp-json\/wp\/v2\/posts"}],"about":[{"href":"https:\/\/www.gavirental.com\/blog\/wp-json\/wp\/v2\/types\/post"}],"author":[{"embeddable":true,"href":"https:\/\/www.gavirental.com\/blog\/wp-json\/wp\/v2\/users\/1"}],"replies":[{"embeddable":true,"href":"https:\/\/www.gavirental.com\/blog\/wp-json\/wp\/v2\/comments?post=4306"}],"version-history":[{"count":2,"href":"https:\/\/www.gavirental.com\/blog\/wp-json\/wp\/v2\/posts\/4306\/revisions"}],"predecessor-version":[{"id":4310,"href":"https:\/\/www.gavirental.com\/blog\/wp-json\/wp\/v2\/posts\/4306\/revisions\/4310"}],"wp:featuredmedia":[{"embeddable":true,"href":"https:\/\/www.gavirental.com\/blog\/wp-json\/wp\/v2\/media\/4309"}],"wp:attachment":[{"href":"https:\/\/www.gavirental.com\/blog\/wp-json\/wp\/v2\/media?parent=4306"}],"wp:term":[{"taxonomy":"category","embeddable":true,"href":"https:\/\/www.gavirental.com\/blog\/wp-json\/wp\/v2\/categories?post=4306"},{"taxonomy":"post_tag","embeddable":true,"href":"https:\/\/www.gavirental.com\/blog\/wp-json\/wp\/v2\/tags?post=4306"}],"curies":[{"name":"wp","href":"https:\/\/api.w.org\/{rel}","templated":true}]}}