{"id":4322,"date":"2020-01-23T19:04:11","date_gmt":"2020-01-23T17:04:11","guid":{"rendered":"https:\/\/www.gavirental.com\/blog\/?p=4322"},"modified":"2020-02-11T18:06:54","modified_gmt":"2020-02-11T16:06:54","slug":"festival-del-nuevo-ano-chino-2020","status":"publish","type":"post","link":"https:\/\/www.gavirental.com\/blog\/festival-del-nuevo-ano-chino-2020\/","title":{"rendered":"Festival del Nuevo A\u00f1o Chino 2020"},"content":{"rendered":"<p><a href=\"https:\/\/www.gavirental.com\/blog\/wp-content\/uploads\/2020\/01\/fb-gavir-fiestas-2020-madrid-chino.jpg\"><img decoding=\"async\" loading=\"lazy\" class=\"aligncenter size-full wp-image-4323\" src=\"https:\/\/www.gavirental.com\/blog\/wp-content\/uploads\/2020\/01\/fb-gavir-fiestas-2020-madrid-chino.jpg\" alt=\"fb-gavir-fiestas-2020-madrid-chino\" width=\"1200\" height=\"628\" srcset=\"https:\/\/www.gavirental.com\/blog\/wp-content\/uploads\/2020\/01\/fb-gavir-fiestas-2020-madrid-chino.jpg 1200w, https:\/\/www.gavirental.com\/blog\/wp-content\/uploads\/2020\/01\/fb-gavir-fiestas-2020-madrid-chino-300x157.jpg 300w, https:\/\/www.gavirental.com\/blog\/wp-content\/uploads\/2020\/01\/fb-gavir-fiestas-2020-madrid-chino-1024x535.jpg 1024w, https:\/\/www.gavirental.com\/blog\/wp-content\/uploads\/2020\/01\/fb-gavir-fiestas-2020-madrid-chino-600x314.jpg 600w\" sizes=\"(max-width: 1200px) 100vw, 1200px\" \/><\/a><\/p>\n<p>Este 2020 contar\u00e1 con muchas celebraciones diferentes, entre ellas las del A\u00f1o Nuevo Chino, el <strong>A\u00f1o de la Rata<\/strong>, el cual empezar\u00e1 este s\u00e1bado 25 de enero. En Madrid se festejar\u00e1 tambi\u00e9n la <strong>d\u00e9cima edici\u00f3n del Festival del A\u00f1o Nuevo Chino<\/strong>, con la colaboraci\u00f3n de la embajada de la Rep\u00fablica Popular de China para hacer part\u00edcipes a todos los madrile\u00f1os de las costumbres, tradiciones \u00a0y cultura gastron\u00f3mica provenientes de China.<\/p>\n<p>En la Comunidad de Madrid viven un total de 60.000 personas, de las cuales m\u00e1s de 10.000 <strong>lo que convierte al barrio de Usera en el <em>Chinatown<\/em> de la capital espa\u00f1ola<\/strong>, es por ello que se dicho distrito ser\u00e1 el que acoja la gran parte de las actividades que a continuaci\u00f3n te vamos a proponer. \u00a1No te pierdas ning\u00fan plan de los que forman parte de la d\u00e9cima edici\u00f3n de las fiestas del A\u00f1o Nuevo Chino!<\/p>\n<p><strong>GASTRONOM\u00cdA <\/strong><\/p>\n<p>Uno de los principales atrayentes cuando uno piensa en China es en su comida, quiz\u00e1s en demasiadas ocasiones desde el origen de la misma se haya desvirtuado con la finalidad de agradar al paladar de la sociedad occidental, <strong>sin embargo, una de las propuestas m\u00e1s llamativas e interesantes de esta edici\u00f3n es el <em>China Taste: Fiesta de la Gastronom\u00eda China<\/em>. <\/strong>Consistir\u00e1 en diferentes propuestas de <strong>men\u00fa degustaci\u00f3n que se podr\u00e1 probar en los restaurantes que han decidido formar parte de este festival gastron\u00f3mico<\/strong>, el precio del men\u00fa oscilar\u00e1 entre los 20 y los 40 euros y estar\u00e1 disponible h<strong>asta el 17 de febrero.<\/strong><\/p>\n<p>Otra opci\u00f3n m\u00e1s econ\u00f3mica, pero no por ello menos apetecible, ser\u00e1 la de<strong> acudir el s\u00e1bado 25 o el domingo 26 de enero a la actividad \u2018Little Chinatown\u2019 disponible desde las 11 horas hasta las 21 horas y donde, entre otras atracciones, contar\u00e1 con diferentes <em>Foodtrucks.<\/em> <\/strong>\u00bfNada mal verdad?<\/p>\n<p><strong>ESPECT\u00c1CULOS DE LUCES<\/strong><\/p>\n<p>Como habr\u00e1s podido leer al principio, Madrid se prepara para celebrar por todo lo alto la entrada del Nuevo A\u00f1o de la Rata, es por ello que<strong> la m\u00edtica Puerta de Alcal\u00e1 <\/strong>se vestir\u00e1 de gala para tan merecida ocasi\u00f3n y contar\u00e1 con una <strong>iluminaci\u00f3n especial para dicha celebraci\u00f3n en color rojo<\/strong> que se podr\u00e1 disfrutar durante los d\u00edas 24 y 25 de enero, pero eso no es todo, tambi\u00e9n<strong> la calle de Gran V\u00eda y Marcelo Usera contar\u00e1n con una decoraci\u00f3n especial.<\/strong><\/p>\n<p>Nos hemos dejado los planes m\u00e1s especiales para el final, <strong>el s\u00e1bado 25 de enero, en el Parque Prado Longo (Usera) se convertir\u00e1 en el escenario para el FESTIVAL DE LA LUZ, el lago se cubrir\u00e1 con miles de flores de agua que se repartir\u00e1n entre los asistentes<\/strong>. Al inicio amenizar\u00e1 con m\u00fasica la jornada el DJ Yang y como broche, se contar\u00e1 con un espect\u00e1culo de fuegos artificiales.<\/p>\n<p><strong>GRAN PASACALLES MULTICULTURAL<\/strong><\/p>\n<p><strong>Si hay algo que caracteriza todas las ediciones anteriores que se han celebrado del A\u00f1o Nuevo Chino en Madrid es la celebraci\u00f3n de una cabalgata<\/strong> que cuenta con la colaboraci\u00f3n de diferentes Asociaciones Chinas de Usera<strong>, adem\u00e1s de otros participantes, en la cual hacen un derroche de cultura con vestimentas tradicionales y otros elementos como figuras que formar\u00e1n parte del espect\u00e1culo.<\/strong><\/p>\n","protected":false},"excerpt":{"rendered":"<p>Este 2020 contar\u00e1 con muchas celebraciones diferentes, entre ellas las del A\u00f1o Nuevo Chino, el A\u00f1o de la Rata, el cual empezar\u00e1 este s\u00e1bado 25 de enero. En Madrid se festejar\u00e1 tambi\u00e9n la d\u00e9cima edici\u00f3n del Festival del A\u00f1o Nuevo Chino, con la colaboraci\u00f3n de la embajada de la Rep\u00fablica Popular de China para hacer part\u00edcipes a todos los madrile\u00f1os &#8230;<\/p>\n","protected":false},"author":1,"featured_media":4323,"comment_status":"closed","ping_status":"closed","sticky":false,"template":"","format":"standard","meta":[],"categories":[12,3],"tags":[184,552],"_links":{"self":[{"href":"https:\/\/www.gavirental.com\/blog\/wp-json\/wp\/v2\/posts\/4322"}],"collection":[{"href":"https:\/\/www.gavirental.com\/blog\/wp-json\/wp\/v2\/posts"}],"about":[{"href":"https:\/\/www.gavirental.com\/blog\/wp-json\/wp\/v2\/types\/post"}],"author":[{"embeddable":true,"href":"https:\/\/www.gavirental.com\/blog\/wp-json\/wp\/v2\/users\/1"}],"replies":[{"embeddable":true,"href":"https:\/\/www.gavirental.com\/blog\/wp-json\/wp\/v2\/comments?post=4322"}],"version-history":[{"count":1,"href":"https:\/\/www.gavirental.com\/blog\/wp-json\/wp\/v2\/posts\/4322\/revisions"}],"predecessor-version":[{"id":4324,"href":"https:\/\/www.gavirental.com\/blog\/wp-json\/wp\/v2\/posts\/4322\/revisions\/4324"}],"wp:featuredmedia":[{"embeddable":true,"href":"https:\/\/www.gavirental.com\/blog\/wp-json\/wp\/v2\/media\/4323"}],"wp:attachment":[{"href":"https:\/\/www.gavirental.com\/blog\/wp-json\/wp\/v2\/media?parent=4322"}],"wp:term":[{"taxonomy":"category","embeddable":true,"href":"https:\/\/www.gavirental.com\/blog\/wp-json\/wp\/v2\/categories?post=4322"},{"taxonomy":"post_tag","embeddable":true,"href":"https:\/\/www.gavirental.com\/blog\/wp-json\/wp\/v2\/tags?post=4322"}],"curies":[{"name":"wp","href":"https:\/\/api.w.org\/{rel}","templated":true}]}}