{"id":4347,"date":"2020-05-26T17:03:04","date_gmt":"2020-05-26T15:03:04","guid":{"rendered":"https:\/\/www.gavirental.com\/blog\/?p=4347"},"modified":"2020-05-26T22:38:42","modified_gmt":"2020-05-26T20:38:42","slug":"comerciosarbiertosfase1","status":"publish","type":"post","link":"https:\/\/www.gavirental.com\/blog\/comerciosarbiertosfase1\/","title":{"rendered":"\u00bfQu\u00e9 comercios est\u00e1n abiertos en la fase 1?"},"content":{"rendered":"<p><a href=\"https:\/\/www.gavirental.com\/blog\/wp-content\/uploads\/2020\/05\/martes26-fb-gavir.jpg\"><img decoding=\"async\" loading=\"lazy\" class=\"aligncenter size-full wp-image-4348\" src=\"https:\/\/www.gavirental.com\/blog\/wp-content\/uploads\/2020\/05\/martes26-fb-gavir.jpg\" alt=\"martes26-fb-gavir\" width=\"1200\" height=\"630\" srcset=\"https:\/\/www.gavirental.com\/blog\/wp-content\/uploads\/2020\/05\/martes26-fb-gavir.jpg 1200w, https:\/\/www.gavirental.com\/blog\/wp-content\/uploads\/2020\/05\/martes26-fb-gavir-300x157.jpg 300w, https:\/\/www.gavirental.com\/blog\/wp-content\/uploads\/2020\/05\/martes26-fb-gavir-1024x537.jpg 1024w, https:\/\/www.gavirental.com\/blog\/wp-content\/uploads\/2020\/05\/martes26-fb-gavir-600x315.jpg 600w\" sizes=\"(max-width: 1200px) 100vw, 1200px\" \/><\/a><\/p>\n<p>Poco a poco\u00a0todos los espa\u00f1oles volvemos, aunque en diferentes ritmos, a una normalidad m\u00e1s parecida de la que disfrut\u00e1bamos todos antes del confinamiento \u00bfY c\u00f3mo afecta la fase 1 en la apertura de los negocios? Pues bien, significa que la gran mayor\u00eda de ellos, independientemente del sector, puede ir abriendo (aunque con bastantes restricciones).<\/p>\n<p><!--more--><\/p>\n<p>Por una lado tenemos los peque\u00f1os comercios, los cuales podr\u00e1n abrir sin la necesidad de que la clientela por su parte se vea en la obligaci\u00f3n de haber pedido una cita previamente. En contraposici\u00f3n, estar\u00edan los grandes comercios, en este caso s\u00ed que ser\u00eda necesario la petici\u00f3n de una cita previa con la finalidad de evitar as\u00ed las acumulaciones de gente.<\/p>\n<p><strong>\u00bfY QU\u00c9 OCURRIR\u00cdA CON LOS CENTROS COMERCIALES?<\/strong><strong>\u00a0<\/strong><\/p>\n<p>En el caso de los centros comerciales, est\u00e1n sujetos a una serie de especificaciones y situaciones previas que se tienen que dar para que estos puedan abrir. Cualquier local que se encuentre, por consiguiente dentro de un centro comercial, podr\u00e1 abrir siempre y cuando tenga un acceso directo e independiente con el exterior. Eso s\u00ed, el aforo estar\u00e1 limitado al 30% del total, incluyendo en el mismo tambi\u00e9n a los trabajadores del propio centro.<\/p>\n<p>Adem\u00e1s, todos aquellos establecimientos que cuenten con m\u00e1s de 400 metros cuadrados, podr\u00e1n delimitar dentro del local el espacio m\u00e1ximo establecido por parte del Gobierno. Solo podr\u00e1n abrir los bares que cuenten con terraza, ya que no se podr\u00e1 acceder al interior de los locales.<\/p>\n<p>Otro tipo de comercio que no podr\u00e1n abrir a\u00fan ser\u00e1n los gimnasios que tendr\u00e1n que esperar a las siguientes fases para poder adaptar las distancias y las medidas preventivas sanitarias.<\/p>\n<p><b>REAPERTURA DE LAS ZONAS VERDES<\/b><\/p>\n<p>Para la mayor\u00eda de los ciudadanos la reapertura de las zonas verdes de las ciudades supone un alivio para todos aquellos que quieren disfrutar de estos espacios, dentro de Madrid Capital\u00a0El Retiro, la Casa de Campo, Madrid R\u00edo, el Parque Juan Carlos I, el Parque del Oeste, Fuente del Berro, el Capricho, la Quinta de los Molinos, los Jardines de Sabatini, Torre Arias, el parque Juan Pablo II, los vivero de Casa de Campo, los viveros Estufas, el parque de Valdebebas, la Rosaleda, la Finca Tres Cantos, el Parque de Oriente, la Dehesa de la Villa y el parque Lineal del Manzanares.<\/p>\n","protected":false},"excerpt":{"rendered":"<p>Poco a poco\u00a0todos los espa\u00f1oles volvemos, aunque en diferentes ritmos, a una normalidad m\u00e1s parecida de la que disfrut\u00e1bamos todos antes del confinamiento \u00bfY c\u00f3mo afecta la fase 1 en la apertura de los negocios? Pues bien, significa que la gran mayor\u00eda de ellos, independientemente del sector, puede ir abriendo (aunque con bastantes restricciones).<\/p>\n","protected":false},"author":1,"featured_media":4348,"comment_status":"closed","ping_status":"closed","sticky":false,"template":"","format":"standard","meta":[],"categories":[3],"tags":[1188,34,215],"_links":{"self":[{"href":"https:\/\/www.gavirental.com\/blog\/wp-json\/wp\/v2\/posts\/4347"}],"collection":[{"href":"https:\/\/www.gavirental.com\/blog\/wp-json\/wp\/v2\/posts"}],"about":[{"href":"https:\/\/www.gavirental.com\/blog\/wp-json\/wp\/v2\/types\/post"}],"author":[{"embeddable":true,"href":"https:\/\/www.gavirental.com\/blog\/wp-json\/wp\/v2\/users\/1"}],"replies":[{"embeddable":true,"href":"https:\/\/www.gavirental.com\/blog\/wp-json\/wp\/v2\/comments?post=4347"}],"version-history":[{"count":5,"href":"https:\/\/www.gavirental.com\/blog\/wp-json\/wp\/v2\/posts\/4347\/revisions"}],"predecessor-version":[{"id":4355,"href":"https:\/\/www.gavirental.com\/blog\/wp-json\/wp\/v2\/posts\/4347\/revisions\/4355"}],"wp:featuredmedia":[{"embeddable":true,"href":"https:\/\/www.gavirental.com\/blog\/wp-json\/wp\/v2\/media\/4348"}],"wp:attachment":[{"href":"https:\/\/www.gavirental.com\/blog\/wp-json\/wp\/v2\/media?parent=4347"}],"wp:term":[{"taxonomy":"category","embeddable":true,"href":"https:\/\/www.gavirental.com\/blog\/wp-json\/wp\/v2\/categories?post=4347"},{"taxonomy":"post_tag","embeddable":true,"href":"https:\/\/www.gavirental.com\/blog\/wp-json\/wp\/v2\/tags?post=4347"}],"curies":[{"name":"wp","href":"https:\/\/api.w.org\/{rel}","templated":true}]}}