{"id":4403,"date":"2020-07-30T16:06:05","date_gmt":"2020-07-30T14:06:05","guid":{"rendered":"https:\/\/www.gavirental.com\/blog\/?p=4403"},"modified":"2020-07-30T16:06:05","modified_gmt":"2020-07-30T14:06:05","slug":"recorrido-arquitectonico-madrid","status":"publish","type":"post","link":"https:\/\/www.gavirental.com\/blog\/recorrido-arquitectonico-madrid\/","title":{"rendered":"Recorrido arquitect\u00f3nico por los edificios de Madrid"},"content":{"rendered":"<p>Si eres un amante empedernido de la <strong>arquitectura<\/strong> y la historia de las ciudades a trav\u00e9s de sus edificios, si vienes a Madrid a <strong>estudiar arquitectura<\/strong> o algo que tenga que ver con el arte de la construcci\u00f3n&#8230; Esta ciudad es un aut\u00e9ntico tesoro.<\/p>\n<p>Recorriendo las calles de la capital nos encontramos con aut\u00e9nticas maravillas arquitect\u00f3nicas que forman parte de la historia de la ciudad.<\/p>\n<h2>Joyas arquitect\u00f3nicas de Madrid<\/h2>\n<ul>\n<li><strong>Terminal T4 del aeropuerto &#8220;Adolfo Su\u00e1rez Madrid- Barajas&#8221;:<\/strong> Del brit\u00e1nico Richard Rogers en colaboraci\u00f3n con el Estudio Lamela. Una aut\u00e9ntica obra de arte por la que cada a\u00f1o pasan millones y millones de turistas.<\/li>\n<\/ul>\n<div id=\"attachment_4404\" style=\"width: 1010px\" class=\"wp-caption aligncenter\"><a href=\"https:\/\/www.gavirental.com\/blog\/wp-content\/uploads\/2020\/07\/t4-barajas-gavirental.jpg\"><img aria-describedby=\"caption-attachment-4404\" decoding=\"async\" loading=\"lazy\" class=\"size-full wp-image-4404\" src=\"https:\/\/www.gavirental.com\/blog\/wp-content\/uploads\/2020\/07\/t4-barajas-gavirental.jpg\" alt=\"T4 del aeropuerto de Madrid, blog gavirental\" width=\"1000\" height=\"664\" srcset=\"https:\/\/www.gavirental.com\/blog\/wp-content\/uploads\/2020\/07\/t4-barajas-gavirental.jpg 1000w, https:\/\/www.gavirental.com\/blog\/wp-content\/uploads\/2020\/07\/t4-barajas-gavirental-300x199.jpg 300w, https:\/\/www.gavirental.com\/blog\/wp-content\/uploads\/2020\/07\/t4-barajas-gavirental-600x398.jpg 600w\" sizes=\"(max-width: 1000px) 100vw, 1000px\" \/><\/a><p id=\"caption-attachment-4404\" class=\"wp-caption-text\">T4 del aeropuerto Adolfo Su\u00e1rez Madrid-Barajas<\/p><\/div>\n<ul>\n<li><strong>Complejo Financiero Cuatro Torres Business Area<\/strong>:\u00a0 Es considerada una de las zonas m\u00e1s modernas de Madrid. Consta de 4 rascacielos:\u00a0Torre Cepsa\u00a0, la\u00a0Torre PwC, la\u00a0Torre de Cristal (la m\u00e1s alta de Madrid y de Espa\u00f1a)\u00a0y la\u00a0Torre Espacio. Actualmente est\u00e1 prevista la construcci\u00f3n de una quinta torre, EL CALEIDO. Este complejo es obra de varios arquitectos: Torre de Cristal (C\u00e9sar Pelli), Torre Cepsa (Norman Foster), Torre PWC (Carlos Rubio Carvajal\u00a0y\u00a0Enrique \u00c1lvarez-Sala Walter) y Torre Espacio (\u00a0Ieoh Ming Pei\u00a0y\u00a0Henry N. Cobb) &#8211; Paseo de la Castellana-<\/li>\n<\/ul>\n<div id=\"attachment_4405\" style=\"width: 1010px\" class=\"wp-caption aligncenter\"><a href=\"https:\/\/www.gavirental.com\/blog\/wp-content\/uploads\/2020\/07\/4-torres-madrid-gavirental.jpg\"><img aria-describedby=\"caption-attachment-4405\" decoding=\"async\" loading=\"lazy\" class=\"size-full wp-image-4405\" src=\"https:\/\/www.gavirental.com\/blog\/wp-content\/uploads\/2020\/07\/4-torres-madrid-gavirental.jpg\" alt=\"Complejo financiero 4 torres madrid, gavirental\" width=\"1000\" height=\"667\" srcset=\"https:\/\/www.gavirental.com\/blog\/wp-content\/uploads\/2020\/07\/4-torres-madrid-gavirental.jpg 1000w, https:\/\/www.gavirental.com\/blog\/wp-content\/uploads\/2020\/07\/4-torres-madrid-gavirental-300x200.jpg 300w, https:\/\/www.gavirental.com\/blog\/wp-content\/uploads\/2020\/07\/4-torres-madrid-gavirental-600x400.jpg 600w\" sizes=\"(max-width: 1000px) 100vw, 1000px\" \/><\/a><p id=\"caption-attachment-4405\" class=\"wp-caption-text\">Complejo Financiero 4 Torres Business Area<\/p><\/div>\n<ul>\n<li><strong>Torres K\u00edo<\/strong>: Si por alg\u00fan edificio se reconoce Madrid, es por &#8220;Las Torres K\u00edo&#8221;.\u00a0 Obra de los arquitectos\u00a0Philip Johnson\u00a0y\u00a0John Burgee y que conforman &#8220;La puerta de Europa&#8221; &#8211; Paseo de la Castellana, 216-<\/li>\n<\/ul>\n<div id=\"attachment_4406\" style=\"width: 1010px\" class=\"wp-caption aligncenter\"><a href=\"https:\/\/www.gavirental.com\/blog\/wp-content\/uploads\/2020\/07\/torres-kio-madrid-gavirental.jpg\"><img aria-describedby=\"caption-attachment-4406\" decoding=\"async\" loading=\"lazy\" class=\"size-full wp-image-4406\" src=\"https:\/\/www.gavirental.com\/blog\/wp-content\/uploads\/2020\/07\/torres-kio-madrid-gavirental.jpg\" alt=\"Torres K\u00edo de Madrid, gavirental\" width=\"1000\" height=\"542\" srcset=\"https:\/\/www.gavirental.com\/blog\/wp-content\/uploads\/2020\/07\/torres-kio-madrid-gavirental.jpg 1000w, https:\/\/www.gavirental.com\/blog\/wp-content\/uploads\/2020\/07\/torres-kio-madrid-gavirental-300x162.jpg 300w, https:\/\/www.gavirental.com\/blog\/wp-content\/uploads\/2020\/07\/torres-kio-madrid-gavirental-600x325.jpg 600w\" sizes=\"(max-width: 1000px) 100vw, 1000px\" \/><\/a><p id=\"caption-attachment-4406\" class=\"wp-caption-text\">Torres K\u00edo de Madrid (Puerta de Europa)<\/p><\/div>\n<ul>\n<li><strong>Torres Blancas:<\/strong> Un edificio muy caracter\u00edstico del paisaje madrile\u00f1o, ya que es \u00a1Completamente redondo! Es obrea del arquitecto Francisco Javier de Oiza &#8211; Avda\/ Am\u00e9rica, 37-<\/li>\n<\/ul>\n<div id=\"attachment_4407\" style=\"width: 1010px\" class=\"wp-caption aligncenter\"><a href=\"https:\/\/www.gavirental.com\/blog\/wp-content\/uploads\/2020\/07\/torres-blancas-madrid-gavirental.jpg\"><img aria-describedby=\"caption-attachment-4407\" decoding=\"async\" loading=\"lazy\" class=\"size-full wp-image-4407\" src=\"https:\/\/www.gavirental.com\/blog\/wp-content\/uploads\/2020\/07\/torres-blancas-madrid-gavirental.jpg\" alt=\"Torres Blancas de Madrid, Gavirental\" width=\"1000\" height=\"668\" srcset=\"https:\/\/www.gavirental.com\/blog\/wp-content\/uploads\/2020\/07\/torres-blancas-madrid-gavirental.jpg 1000w, https:\/\/www.gavirental.com\/blog\/wp-content\/uploads\/2020\/07\/torres-blancas-madrid-gavirental-300x200.jpg 300w, https:\/\/www.gavirental.com\/blog\/wp-content\/uploads\/2020\/07\/torres-blancas-madrid-gavirental-600x400.jpg 600w\" sizes=\"(max-width: 1000px) 100vw, 1000px\" \/><\/a><p id=\"caption-attachment-4407\" class=\"wp-caption-text\">Torres Blancas<\/p><\/div>\n<ul>\n<li><strong>Fundaci\u00f3n Giner de los R\u00edos<\/strong>. Obra de Cristina D\u00edaz y Efr\u00e9n Garc\u00eda de Amid.Cero9. Un conjunto de edificios hist\u00f3ricos reconstruidos que representa la instituci\u00f3n Libre de Ense\u00f1anza que utiliza materiales acordes con lo que\u00a0quiere representar: Historia, tradici\u00f3n, modernidad, futuro y ense\u00f1anza -Paseo del General Mart\u00ednez Campos, 14-<\/li>\n<\/ul>\n<div id=\"attachment_4408\" style=\"width: 2572px\" class=\"wp-caption aligncenter\"><a href=\"https:\/\/www.gavirental.com\/blog\/wp-content\/uploads\/2020\/07\/Fundaci\u00f3n-Giner-de-los-R\u00edos-Open-House-Madrid-gavirental.jpg\"><img aria-describedby=\"caption-attachment-4408\" decoding=\"async\" loading=\"lazy\" class=\"size-full wp-image-4408\" src=\"https:\/\/www.gavirental.com\/blog\/wp-content\/uploads\/2020\/07\/Fundaci\u00f3n-Giner-de-los-R\u00edos-Open-House-Madrid-gavirental.jpg\" alt=\"Fundaci\u00f3n Giner de los R\u00edos, gavirental\" width=\"2562\" height=\"1188\" srcset=\"https:\/\/www.gavirental.com\/blog\/wp-content\/uploads\/2020\/07\/Fundaci\u00f3n-Giner-de-los-R\u00edos-Open-House-Madrid-gavirental.jpg 2562w, https:\/\/www.gavirental.com\/blog\/wp-content\/uploads\/2020\/07\/Fundaci\u00f3n-Giner-de-los-R\u00edos-Open-House-Madrid-gavirental-300x139.jpg 300w, https:\/\/www.gavirental.com\/blog\/wp-content\/uploads\/2020\/07\/Fundaci\u00f3n-Giner-de-los-R\u00edos-Open-House-Madrid-gavirental-1024x474.jpg 1024w, https:\/\/www.gavirental.com\/blog\/wp-content\/uploads\/2020\/07\/Fundaci\u00f3n-Giner-de-los-R\u00edos-Open-House-Madrid-gavirental-600x278.jpg 600w\" sizes=\"(max-width: 2562px) 100vw, 2562px\" \/><\/a><p id=\"caption-attachment-4408\" class=\"wp-caption-text\">Fundaci\u00f3n Giner de Los R\u00edos. Foto: Open House Madrid<\/p><\/div>\n<ul>\n<li><strong>Matadero de Madrid,<\/strong> en cuya construcci\u00f3n han intervenido varios arquitectos -Plaza de Legazpi, 8-<\/li>\n<\/ul>\n<div id=\"attachment_4409\" style=\"width: 1010px\" class=\"wp-caption aligncenter\"><a href=\"https:\/\/www.gavirental.com\/blog\/wp-content\/uploads\/2020\/07\/matadero-madrid-gavirental.jpg\"><img aria-describedby=\"caption-attachment-4409\" decoding=\"async\" loading=\"lazy\" class=\"size-full wp-image-4409\" src=\"https:\/\/www.gavirental.com\/blog\/wp-content\/uploads\/2020\/07\/matadero-madrid-gavirental.jpg\" alt=\"Matadero de Madrid, blog Gavirental\" width=\"1000\" height=\"667\" srcset=\"https:\/\/www.gavirental.com\/blog\/wp-content\/uploads\/2020\/07\/matadero-madrid-gavirental.jpg 1000w, https:\/\/www.gavirental.com\/blog\/wp-content\/uploads\/2020\/07\/matadero-madrid-gavirental-300x200.jpg 300w, https:\/\/www.gavirental.com\/blog\/wp-content\/uploads\/2020\/07\/matadero-madrid-gavirental-600x400.jpg 600w\" sizes=\"(max-width: 1000px) 100vw, 1000px\" \/><\/a><p id=\"caption-attachment-4409\" class=\"wp-caption-text\">Matadero de Madrid<\/p><\/div>\n<ul>\n<li><strong>Ecoboulevar<\/strong> (ecosistema urbano) &#8211; Bulevar de la naturaleza 13G-<\/li>\n<\/ul>\n<div id=\"attachment_4410\" style=\"width: 810px\" class=\"wp-caption aligncenter\"><a href=\"https:\/\/www.gavirental.com\/blog\/wp-content\/uploads\/2020\/07\/ecoboulevar-gavirental.jpg\"><img aria-describedby=\"caption-attachment-4410\" decoding=\"async\" loading=\"lazy\" class=\"size-full wp-image-4410\" src=\"https:\/\/www.gavirental.com\/blog\/wp-content\/uploads\/2020\/07\/ecoboulevar-gavirental.jpg\" alt=\"Ecoboulevar, gavirental\" width=\"800\" height=\"545\" srcset=\"https:\/\/www.gavirental.com\/blog\/wp-content\/uploads\/2020\/07\/ecoboulevar-gavirental.jpg 800w, https:\/\/www.gavirental.com\/blog\/wp-content\/uploads\/2020\/07\/ecoboulevar-gavirental-300x204.jpg 300w, https:\/\/www.gavirental.com\/blog\/wp-content\/uploads\/2020\/07\/ecoboulevar-gavirental-600x408.jpg 600w\" sizes=\"(max-width: 800px) 100vw, 800px\" \/><\/a><p id=\"caption-attachment-4410\" class=\"wp-caption-text\">Ecoboulevar. Foto: Arquitectura y Empresa<\/p><\/div>\n<p>&nbsp;<\/p>\n<ul>\n<li><strong>Iglesia de Santa M\u00f3nica<\/strong>: De Vicens Ramos. Parece una explosi\u00f3n congelada\u00a0 justo en el momento de la detonaci\u00f3n \u00a1Impresionante! &#8211; C\/ Libertad 17, Rivas- Vac\u00eda Madrid-<\/li>\n<\/ul>\n<div id=\"attachment_4411\" style=\"width: 926px\" class=\"wp-caption aligncenter\"><a href=\"https:\/\/www.gavirental.com\/blog\/wp-content\/uploads\/2020\/07\/iglesia-santa-monica-gavirental.jpg\"><img aria-describedby=\"caption-attachment-4411\" decoding=\"async\" loading=\"lazy\" class=\"size-full wp-image-4411\" src=\"https:\/\/www.gavirental.com\/blog\/wp-content\/uploads\/2020\/07\/iglesia-santa-monica-gavirental.jpg\" alt=\"Iglesia de Santa M\u00f3nica, gavirental\" width=\"916\" height=\"1100\" srcset=\"https:\/\/www.gavirental.com\/blog\/wp-content\/uploads\/2020\/07\/iglesia-santa-monica-gavirental.jpg 916w, https:\/\/www.gavirental.com\/blog\/wp-content\/uploads\/2020\/07\/iglesia-santa-monica-gavirental-249x300.jpg 249w, https:\/\/www.gavirental.com\/blog\/wp-content\/uploads\/2020\/07\/iglesia-santa-monica-gavirental-852x1024.jpg 852w, https:\/\/www.gavirental.com\/blog\/wp-content\/uploads\/2020\/07\/iglesia-santa-monica-gavirental-600x720.jpg 600w\" sizes=\"(max-width: 916px) 100vw, 916px\" \/><\/a><p id=\"caption-attachment-4411\" class=\"wp-caption-text\">Iglesia de Santa M\u00f3nica. Foto: Plataforma Arquitectura<\/p><\/div>\n<ul>\n<li><strong>Hip\u00f3dromo de la zarzuela:<\/strong> Obra de Eduardo Torroja, Carlos Arniches y Mart\u00edn Dom\u00ednguez. \u00a1Todo un cl\u00e1sico de la arquitectura madrile\u00f1a! &#8211; Avda\/ Padre Huidobro SN A6 KM8-<\/li>\n<\/ul>\n<div id=\"attachment_4412\" style=\"width: 1010px\" class=\"wp-caption aligncenter\"><a href=\"https:\/\/www.gavirental.com\/blog\/wp-content\/uploads\/2020\/07\/hipodromo-zarzuela-gavirental.jpg\"><img aria-describedby=\"caption-attachment-4412\" decoding=\"async\" loading=\"lazy\" class=\"size-full wp-image-4412\" src=\"https:\/\/www.gavirental.com\/blog\/wp-content\/uploads\/2020\/07\/hipodromo-zarzuela-gavirental.jpg\" alt=\"Hip\u00f3dromo de la zarzuela, gavirental\" width=\"1000\" height=\"667\" srcset=\"https:\/\/www.gavirental.com\/blog\/wp-content\/uploads\/2020\/07\/hipodromo-zarzuela-gavirental.jpg 1000w, https:\/\/www.gavirental.com\/blog\/wp-content\/uploads\/2020\/07\/hipodromo-zarzuela-gavirental-300x200.jpg 300w, https:\/\/www.gavirental.com\/blog\/wp-content\/uploads\/2020\/07\/hipodromo-zarzuela-gavirental-600x400.jpg 600w\" sizes=\"(max-width: 1000px) 100vw, 1000px\" \/><\/a><p id=\"caption-attachment-4412\" class=\"wp-caption-text\">Hip\u00f3dromo de la Zarzuela<\/p><\/div>\n<ul>\n<li><strong>Primer puente impreso en 3D<\/strong>: No te puedes perder esta maravilla \u00fanica &#8211; Parque Castilla La Mancha en Alcobendas-<\/li>\n<\/ul>\n<div id=\"attachment_4413\" style=\"width: 1290px\" class=\"wp-caption aligncenter\"><a href=\"https:\/\/www.gavirental.com\/blog\/wp-content\/uploads\/2020\/07\/puente-3d-gavirental.jpg\"><img aria-describedby=\"caption-attachment-4413\" decoding=\"async\" loading=\"lazy\" class=\"size-full wp-image-4413\" src=\"https:\/\/www.gavirental.com\/blog\/wp-content\/uploads\/2020\/07\/puente-3d-gavirental.jpg\" alt=\"Puente 3d , gavirental\" width=\"1280\" height=\"856\" srcset=\"https:\/\/www.gavirental.com\/blog\/wp-content\/uploads\/2020\/07\/puente-3d-gavirental.jpg 1280w, https:\/\/www.gavirental.com\/blog\/wp-content\/uploads\/2020\/07\/puente-3d-gavirental-300x200.jpg 300w, https:\/\/www.gavirental.com\/blog\/wp-content\/uploads\/2020\/07\/puente-3d-gavirental-1024x684.jpg 1024w, https:\/\/www.gavirental.com\/blog\/wp-content\/uploads\/2020\/07\/puente-3d-gavirental-600x401.jpg 600w\" sizes=\"(max-width: 1280px) 100vw, 1280px\" \/><\/a><p id=\"caption-attachment-4413\" class=\"wp-caption-text\">Puente 3D de Alcobendas. Foto: Tribuna de La Moraleja<\/p><\/div>\n<ul>\n<li><strong>Museo ABC<\/strong>: Su fachada y su patio interior se han convertido en los m\u00e1s fotografiados de Madrid -C\/ Amaniel 29-<\/li>\n<\/ul>\n<div id=\"attachment_4414\" style=\"width: 1290px\" class=\"wp-caption aligncenter\"><a href=\"https:\/\/www.gavirental.com\/blog\/wp-content\/uploads\/2020\/07\/museo-abc-gavirental.jpg\"><img aria-describedby=\"caption-attachment-4414\" decoding=\"async\" loading=\"lazy\" class=\"size-full wp-image-4414\" src=\"https:\/\/www.gavirental.com\/blog\/wp-content\/uploads\/2020\/07\/museo-abc-gavirental.jpg\" alt=\"Museo ABC, Gavirental\" width=\"1280\" height=\"1203\" srcset=\"https:\/\/www.gavirental.com\/blog\/wp-content\/uploads\/2020\/07\/museo-abc-gavirental.jpg 1280w, https:\/\/www.gavirental.com\/blog\/wp-content\/uploads\/2020\/07\/museo-abc-gavirental-300x281.jpg 300w, https:\/\/www.gavirental.com\/blog\/wp-content\/uploads\/2020\/07\/museo-abc-gavirental-1024x962.jpg 1024w, https:\/\/www.gavirental.com\/blog\/wp-content\/uploads\/2020\/07\/museo-abc-gavirental-600x563.jpg 600w\" sizes=\"(max-width: 1280px) 100vw, 1280px\" \/><\/a><p id=\"caption-attachment-4414\" class=\"wp-caption-text\">Museo ABC. Foto: Plataforma Arquitectura<\/p><\/div>\n<ul>\n<li><strong>Real Monasterio de San Lorenzo de El Escorial<\/strong>, el c\u00e9lebre y monumental monasterio de estilo herreriano fundado por Felipe II en las estribaciones de la sierra de Guadarrama que mejor resume el Siglo de Oro espa\u00f1ol.<\/li>\n<\/ul>\n<div id=\"attachment_4415\" style=\"width: 1010px\" class=\"wp-caption aligncenter\"><a href=\"https:\/\/www.gavirental.com\/blog\/wp-content\/uploads\/2020\/07\/monasterio-san-lorenzo-escorial-gavirental.jpg\"><img aria-describedby=\"caption-attachment-4415\" decoding=\"async\" loading=\"lazy\" class=\"size-full wp-image-4415\" src=\"https:\/\/www.gavirental.com\/blog\/wp-content\/uploads\/2020\/07\/monasterio-san-lorenzo-escorial-gavirental.jpg\" alt=\"Monasterio San Lorenzo del Escorial, gavirental\" width=\"1000\" height=\"669\" srcset=\"https:\/\/www.gavirental.com\/blog\/wp-content\/uploads\/2020\/07\/monasterio-san-lorenzo-escorial-gavirental.jpg 1000w, https:\/\/www.gavirental.com\/blog\/wp-content\/uploads\/2020\/07\/monasterio-san-lorenzo-escorial-gavirental-300x200.jpg 300w, https:\/\/www.gavirental.com\/blog\/wp-content\/uploads\/2020\/07\/monasterio-san-lorenzo-escorial-gavirental-600x401.jpg 600w\" sizes=\"(max-width: 1000px) 100vw, 1000px\" \/><\/a><p id=\"caption-attachment-4415\" class=\"wp-caption-text\">Monasterio San Lorenzo del Escorial<\/p><\/div>\n<ul>\n<li><strong> Palacio de la Bolsa<\/strong>, un edificio emblem\u00e1tico de la arquitectura europea en pleno centro de Madrid, en la Plaza de la Lealtad 1<\/li>\n<\/ul>\n<div id=\"attachment_4416\" style=\"width: 1010px\" class=\"wp-caption aligncenter\"><a href=\"https:\/\/www.gavirental.com\/blog\/wp-content\/uploads\/2020\/07\/palacio-bolsa-madrid-gavirental.jpg\"><img aria-describedby=\"caption-attachment-4416\" decoding=\"async\" loading=\"lazy\" class=\"size-full wp-image-4416\" src=\"https:\/\/www.gavirental.com\/blog\/wp-content\/uploads\/2020\/07\/palacio-bolsa-madrid-gavirental.jpg\" alt=\"Palacio de la Bolsa de Madrid, Gavirental\" width=\"1000\" height=\"667\" srcset=\"https:\/\/www.gavirental.com\/blog\/wp-content\/uploads\/2020\/07\/palacio-bolsa-madrid-gavirental.jpg 1000w, https:\/\/www.gavirental.com\/blog\/wp-content\/uploads\/2020\/07\/palacio-bolsa-madrid-gavirental-300x200.jpg 300w, https:\/\/www.gavirental.com\/blog\/wp-content\/uploads\/2020\/07\/palacio-bolsa-madrid-gavirental-600x400.jpg 600w\" sizes=\"(max-width: 1000px) 100vw, 1000px\" \/><\/a><p id=\"caption-attachment-4416\" class=\"wp-caption-text\">Palacio de la Bolsa de Madrid<\/p><\/div>\n<ul>\n<li><strong>Palacio de Cristal<\/strong>, ejemplo de la llamada arquitectura del hierro. &#8211; Parque del Retiro-<\/li>\n<\/ul>\n<div id=\"attachment_4417\" style=\"width: 1010px\" class=\"wp-caption aligncenter\"><a href=\"https:\/\/www.gavirental.com\/blog\/wp-content\/uploads\/2020\/07\/palacio-cristal-madrid-gavirental.jpg\"><img aria-describedby=\"caption-attachment-4417\" decoding=\"async\" loading=\"lazy\" class=\"size-full wp-image-4417\" src=\"https:\/\/www.gavirental.com\/blog\/wp-content\/uploads\/2020\/07\/palacio-cristal-madrid-gavirental.jpg\" alt=\"Palacio de Cristal de Madrid, Gavirental\" width=\"1000\" height=\"667\" srcset=\"https:\/\/www.gavirental.com\/blog\/wp-content\/uploads\/2020\/07\/palacio-cristal-madrid-gavirental.jpg 1000w, https:\/\/www.gavirental.com\/blog\/wp-content\/uploads\/2020\/07\/palacio-cristal-madrid-gavirental-300x200.jpg 300w, https:\/\/www.gavirental.com\/blog\/wp-content\/uploads\/2020\/07\/palacio-cristal-madrid-gavirental-600x400.jpg 600w\" sizes=\"(max-width: 1000px) 100vw, 1000px\" \/><\/a><p id=\"caption-attachment-4417\" class=\"wp-caption-text\">Palacio de Cristal de Madrid<\/p><\/div>\n<ul>\n<li><strong>Plaza de Las Ventas<\/strong>, plaza de estilo neo mud\u00e9jar.<\/li>\n<\/ul>\n<div id=\"attachment_4418\" style=\"width: 1010px\" class=\"wp-caption aligncenter\"><a href=\"https:\/\/www.gavirental.com\/blog\/wp-content\/uploads\/2020\/07\/plaza-ventas-madrid-gavirental.jpg\"><img aria-describedby=\"caption-attachment-4418\" decoding=\"async\" loading=\"lazy\" class=\"size-full wp-image-4418\" src=\"https:\/\/www.gavirental.com\/blog\/wp-content\/uploads\/2020\/07\/plaza-ventas-madrid-gavirental.jpg\" alt=\"Plaza de las Ventas, gavirental\" width=\"1000\" height=\"667\" srcset=\"https:\/\/www.gavirental.com\/blog\/wp-content\/uploads\/2020\/07\/plaza-ventas-madrid-gavirental.jpg 1000w, https:\/\/www.gavirental.com\/blog\/wp-content\/uploads\/2020\/07\/plaza-ventas-madrid-gavirental-300x200.jpg 300w, https:\/\/www.gavirental.com\/blog\/wp-content\/uploads\/2020\/07\/plaza-ventas-madrid-gavirental-600x400.jpg 600w\" sizes=\"(max-width: 1000px) 100vw, 1000px\" \/><\/a><p id=\"caption-attachment-4418\" class=\"wp-caption-text\">Plaza de Las Ventas<\/p><\/div>\n<ul>\n<li><strong>Banco de Espa\u00f1a<\/strong>, uno de los edificios m\u00e1s representativos de Madrid y de la arquitectura espa\u00f1ola del siglo XIX.<\/li>\n<\/ul>\n<div id=\"attachment_4419\" style=\"width: 1010px\" class=\"wp-caption aligncenter\"><a href=\"https:\/\/www.gavirental.com\/blog\/wp-content\/uploads\/2020\/07\/banco-espa\u00f1a-madrid-gavirental.jpg\"><img aria-describedby=\"caption-attachment-4419\" decoding=\"async\" loading=\"lazy\" class=\"size-full wp-image-4419\" src=\"https:\/\/www.gavirental.com\/blog\/wp-content\/uploads\/2020\/07\/banco-espa\u00f1a-madrid-gavirental.jpg\" alt=\"Banco de espa\u00f1a de madrid, gavirental\" width=\"1000\" height=\"669\" srcset=\"https:\/\/www.gavirental.com\/blog\/wp-content\/uploads\/2020\/07\/banco-espa\u00f1a-madrid-gavirental.jpg 1000w, https:\/\/www.gavirental.com\/blog\/wp-content\/uploads\/2020\/07\/banco-espa\u00f1a-madrid-gavirental-300x200.jpg 300w, https:\/\/www.gavirental.com\/blog\/wp-content\/uploads\/2020\/07\/banco-espa\u00f1a-madrid-gavirental-600x401.jpg 600w\" sizes=\"(max-width: 1000px) 100vw, 1000px\" \/><\/a><p id=\"caption-attachment-4419\" class=\"wp-caption-text\">Banco de Espa\u00f1a<\/p><\/div>\n<ul>\n<li><strong>El\u00a0C\u00edrculo de Bellas Artes<\/strong>, un edificio del arquitecto Antonio Palacios declarado Bien de Inter\u00e9s Cultural -C\/Alcal\u00e1, 42-<\/li>\n<\/ul>\n<div id=\"attachment_4420\" style=\"width: 677px\" class=\"wp-caption aligncenter\"><a href=\"https:\/\/www.gavirental.com\/blog\/wp-content\/uploads\/2020\/07\/circulo-bellas-artes-madrid-gavirental.jpg\"><img aria-describedby=\"caption-attachment-4420\" decoding=\"async\" loading=\"lazy\" class=\"size-full wp-image-4420\" src=\"https:\/\/www.gavirental.com\/blog\/wp-content\/uploads\/2020\/07\/circulo-bellas-artes-madrid-gavirental.jpg\" alt=\"C\u00edrculo de bellas artes de madrid, gavirental\" width=\"667\" height=\"1000\" srcset=\"https:\/\/www.gavirental.com\/blog\/wp-content\/uploads\/2020\/07\/circulo-bellas-artes-madrid-gavirental.jpg 667w, https:\/\/www.gavirental.com\/blog\/wp-content\/uploads\/2020\/07\/circulo-bellas-artes-madrid-gavirental-200x300.jpg 200w, https:\/\/www.gavirental.com\/blog\/wp-content\/uploads\/2020\/07\/circulo-bellas-artes-madrid-gavirental-600x899.jpg 600w\" sizes=\"(max-width: 667px) 100vw, 667px\" \/><\/a><p id=\"caption-attachment-4420\" class=\"wp-caption-text\">Vista desde el C\u00edrculo de Bellas artes de Madrid<\/p><\/div>\n<ul>\n<li><strong>El\u00a0faro de Moncloa<\/strong>. Se trata de una torre de 110 metros de altura y un ascensor de 92 metros de Salvador P\u00e9rez Arroyo.&nbsp;<\/li>\n<\/ul>\n<div id=\"attachment_4421\" style=\"width: 760px\" class=\"wp-caption aligncenter\"><a href=\"https:\/\/www.gavirental.com\/blog\/wp-content\/uploads\/2020\/07\/faro-moncloa-gavirental.jpg\"><img aria-describedby=\"caption-attachment-4421\" decoding=\"async\" loading=\"lazy\" class=\"size-full wp-image-4421\" src=\"https:\/\/www.gavirental.com\/blog\/wp-content\/uploads\/2020\/07\/faro-moncloa-gavirental.jpg\" alt=\"Faro de Moncloa, gavirental\" width=\"750\" height=\"1000\" srcset=\"https:\/\/www.gavirental.com\/blog\/wp-content\/uploads\/2020\/07\/faro-moncloa-gavirental.jpg 750w, https:\/\/www.gavirental.com\/blog\/wp-content\/uploads\/2020\/07\/faro-moncloa-gavirental-225x300.jpg 225w, https:\/\/www.gavirental.com\/blog\/wp-content\/uploads\/2020\/07\/faro-moncloa-gavirental-600x800.jpg 600w\" sizes=\"(max-width: 750px) 100vw, 750px\" \/><\/a><p id=\"caption-attachment-4421\" class=\"wp-caption-text\">Faro de Moncloa<\/p><\/div>\n<p>&nbsp;<\/p>\n<figure class=\"js-image-size media-picture\" data-height=\"342\" data-width=\"640\"><i class=\"figcaption-cc-icon afd-desktop-e\"><\/i><\/figure>\n<h3><\/h3>\n<figure class=\"js-image-size media-picture\" data-height=\"426\" data-width=\"640\">\n<div class=\"save-image\">\n<div class=\"save-image-icon clearfix\"><\/div>\n<\/div>\n<\/figure>\n","protected":false},"excerpt":{"rendered":"<p>Si eres un amante empedernido de la arquitectura y la historia de las ciudades a trav\u00e9s de sus edificios, si vienes a Madrid a estudiar arquitectura o algo que tenga que ver con el arte de la construcci\u00f3n&#8230; Esta ciudad es un aut\u00e9ntico tesoro. Recorriendo las calles de la capital nos encontramos con aut\u00e9nticas maravillas arquitect\u00f3nicas que forman parte de &#8230;<\/p>\n","protected":false},"author":1,"featured_media":4422,"comment_status":"closed","ping_status":"closed","sticky":false,"template":"","format":"standard","meta":[],"categories":[1],"tags":[399,1203,1204,1323],"_links":{"self":[{"href":"https:\/\/www.gavirental.com\/blog\/wp-json\/wp\/v2\/posts\/4403"}],"collection":[{"href":"https:\/\/www.gavirental.com\/blog\/wp-json\/wp\/v2\/posts"}],"about":[{"href":"https:\/\/www.gavirental.com\/blog\/wp-json\/wp\/v2\/types\/post"}],"author":[{"embeddable":true,"href":"https:\/\/www.gavirental.com\/blog\/wp-json\/wp\/v2\/users\/1"}],"replies":[{"embeddable":true,"href":"https:\/\/www.gavirental.com\/blog\/wp-json\/wp\/v2\/comments?post=4403"}],"version-history":[{"count":2,"href":"https:\/\/www.gavirental.com\/blog\/wp-json\/wp\/v2\/posts\/4403\/revisions"}],"predecessor-version":[{"id":4424,"href":"https:\/\/www.gavirental.com\/blog\/wp-json\/wp\/v2\/posts\/4403\/revisions\/4424"}],"wp:featuredmedia":[{"embeddable":true,"href":"https:\/\/www.gavirental.com\/blog\/wp-json\/wp\/v2\/media\/4422"}],"wp:attachment":[{"href":"https:\/\/www.gavirental.com\/blog\/wp-json\/wp\/v2\/media?parent=4403"}],"wp:term":[{"taxonomy":"category","embeddable":true,"href":"https:\/\/www.gavirental.com\/blog\/wp-json\/wp\/v2\/categories?post=4403"},{"taxonomy":"post_tag","embeddable":true,"href":"https:\/\/www.gavirental.com\/blog\/wp-json\/wp\/v2\/tags?post=4403"}],"curies":[{"name":"wp","href":"https:\/\/api.w.org\/{rel}","templated":true}]}}