{"id":4557,"date":"2020-11-19T18:07:34","date_gmt":"2020-11-19T16:07:34","guid":{"rendered":"https:\/\/www.gavirental.com\/blog\/?p=4557"},"modified":"2020-11-19T18:07:34","modified_gmt":"2020-11-19T16:07:34","slug":"mercadillos-navidad-2020-madrid","status":"publish","type":"post","link":"https:\/\/www.gavirental.com\/blog\/mercadillos-navidad-2020-madrid\/","title":{"rendered":"Mercadillos de Navidad 2020 en Madrid"},"content":{"rendered":"<p>Se acercan unas fechas muy especiales y muy esperadas por todos, sobre todo este a\u00f1o. La <strong>Navidad<\/strong> es una \u00e9poca en la que se respira ilusi\u00f3n por todas partes.<!--more--><\/p>\n<p>Esta <strong>Navidad 2020<\/strong> est\u00e1 llena de incertidumbre, si tienes la suerte de vivir en <strong>Madrid<\/strong> \u00bfPodremos disfrutar de los tradicionales <strong>mercadillos de Navidad<\/strong> que, cada a\u00f1o, dotan a Madrid y a sus calles de un <strong>esp\u00edritu especial.<\/strong><\/p>\n<p>\u00bfQu\u00e9 pasar\u00e1 con los mercadillos de Navidad este a\u00f1o? \u00bfCu\u00e1les se podr\u00e1n visitar?&#8230; A continuaci\u00f3n contestamos estas y muchas m\u00e1s preguntas.<\/p>\n<h2>Mercadillos de Navidad en Madrid<\/h2>\n<ul>\n<li><strong>Mercadillo de Navidad de La Plaza Mayor<\/strong>: Es, seguramente, el mercadillo m\u00e1s m\u00edtico de la Navidad Madrile\u00f1a. Estar\u00e1 abierto desde el 27 de Noviembre hasta el 31 de Diciembre, de lunes a jueves de 10:30 a 22h.<\/li>\n<\/ul>\n<p style=\"padding-left: 30px;\">Como\u00a0particularidad\u00a0este a\u00f1o, en lugar de las 100 casetas que se instalaban cada a\u00f1o, ser\u00e1n un 50% menos las que ocupen La Plaza de Mayor de Madrid; y estar\u00e1n distribuidas de tal manera que cumplan con todos los protocolos sanitarios.<\/p>\n<div id=\"attachment_4558\" style=\"width: 670px\" class=\"wp-caption aligncenter\"><a href=\"https:\/\/www.gavirental.com\/blog\/wp-content\/uploads\/2020\/11\/mercado-de-navidad-plaza-mayor-gavirental-turismo-madrid.jpg\"><img aria-describedby=\"caption-attachment-4558\" decoding=\"async\" loading=\"lazy\" class=\"size-full wp-image-4558\" src=\"https:\/\/www.gavirental.com\/blog\/wp-content\/uploads\/2020\/11\/mercado-de-navidad-plaza-mayor-gavirental-turismo-madrid.jpg\" alt=\"Mercado de Navidad de la plaza Mayor, turismo Madrid, gavirental\" width=\"660\" height=\"335\" srcset=\"https:\/\/www.gavirental.com\/blog\/wp-content\/uploads\/2020\/11\/mercado-de-navidad-plaza-mayor-gavirental-turismo-madrid.jpg 660w, https:\/\/www.gavirental.com\/blog\/wp-content\/uploads\/2020\/11\/mercado-de-navidad-plaza-mayor-gavirental-turismo-madrid-300x152.jpg 300w, https:\/\/www.gavirental.com\/blog\/wp-content\/uploads\/2020\/11\/mercado-de-navidad-plaza-mayor-gavirental-turismo-madrid-600x304.jpg 600w\" sizes=\"(max-width: 660px) 100vw, 660px\" \/><\/a><p id=\"caption-attachment-4558\" class=\"wp-caption-text\">Mercado de Navidad de La Plaza Mayor.<br \/>Foto: Turismo Madrid<\/p><\/div>\n<p style=\"padding-left: 30px;\">\n<p style=\"padding-left: 30px;\">Esto mismo suceder\u00e1 con los 12 puntos de venta de <strong>abetos navide\u00f1os<\/strong>, que tambi\u00e9n estar\u00e1n afectados por la perimetraci\u00f3n y el control de aforo. Adem\u00e1s, este mercadillo, convivir\u00e1, por primera vez, con las terrazas de la Plaza de Espa\u00f1a como muestra de apoyo a la hosteler\u00eda madrile\u00f1a.<\/p>\n<div id=\"attachment_4559\" style=\"width: 1210px\" class=\"wp-caption aligncenter\"><a href=\"https:\/\/www.gavirental.com\/blog\/wp-content\/uploads\/2020\/11\/puntos-venta-abetos-navidad-gavirental.jpg\"><img aria-describedby=\"caption-attachment-4559\" decoding=\"async\" loading=\"lazy\" class=\"size-full wp-image-4559\" src=\"https:\/\/www.gavirental.com\/blog\/wp-content\/uploads\/2020\/11\/puntos-venta-abetos-navidad-gavirental.jpg\" alt=\"Punto de venta dde abetos en La Plaza Mayor, que hacer  con ni\u00f1os, gavirental\" width=\"1200\" height=\"675\" srcset=\"https:\/\/www.gavirental.com\/blog\/wp-content\/uploads\/2020\/11\/puntos-venta-abetos-navidad-gavirental.jpg 1200w, https:\/\/www.gavirental.com\/blog\/wp-content\/uploads\/2020\/11\/puntos-venta-abetos-navidad-gavirental-300x168.jpg 300w, https:\/\/www.gavirental.com\/blog\/wp-content\/uploads\/2020\/11\/puntos-venta-abetos-navidad-gavirental-1024x576.jpg 1024w, https:\/\/www.gavirental.com\/blog\/wp-content\/uploads\/2020\/11\/puntos-venta-abetos-navidad-gavirental-600x337.jpg 600w\" sizes=\"(max-width: 1200px) 100vw, 1200px\" \/><\/a><p id=\"caption-attachment-4559\" class=\"wp-caption-text\">Abetos en la Plaza Mayor.<br \/>Foto: Qu\u00e9 hacer con ni\u00f1os.<\/p><\/div>\n<ul>\n<li><strong>Feria de Artesan\u00eda 2020<\/strong> : Este a\u00f1o, la tradicional Feria de Artesan\u00eda de la Comunidad de Madrid estar\u00e1 abierta desde el 1 hasta el 30 de Diciembre de 2020. Adem\u00e1s, esta edici\u00f3n, como novedad,\u00a0contar\u00e1 con puestos\u00a0representantes de otras comunidades aut\u00f3nomas. El horario de la Feria de Artesan\u00eda de Recoletos ser\u00e1 todos los d\u00edas de 11 a 21h; excepto el d\u00eda 25 que no abrir\u00e1 y el d\u00eda 24 que cerrar\u00e1 a las 15 (Paseo de Recoletos)<\/li>\n<\/ul>\n<div id=\"attachment_4560\" style=\"width: 670px\" class=\"wp-caption aligncenter\"><a href=\"https:\/\/www.gavirental.com\/blog\/wp-content\/uploads\/2020\/11\/feria-artesania-madrid-2020-gavirental.jpg\"><img aria-describedby=\"caption-attachment-4560\" decoding=\"async\" loading=\"lazy\" class=\"size-full wp-image-4560\" src=\"https:\/\/www.gavirental.com\/blog\/wp-content\/uploads\/2020\/11\/feria-artesania-madrid-2020-gavirental.jpg\" alt=\"Feria de artesan\u00eda de Madrid, Gavirental\" width=\"660\" height=\"335\" srcset=\"https:\/\/www.gavirental.com\/blog\/wp-content\/uploads\/2020\/11\/feria-artesania-madrid-2020-gavirental.jpg 660w, https:\/\/www.gavirental.com\/blog\/wp-content\/uploads\/2020\/11\/feria-artesania-madrid-2020-gavirental-300x152.jpg 300w, https:\/\/www.gavirental.com\/blog\/wp-content\/uploads\/2020\/11\/feria-artesania-madrid-2020-gavirental-600x304.jpg 600w\" sizes=\"(max-width: 660px) 100vw, 660px\" \/><\/a><p id=\"caption-attachment-4560\" class=\"wp-caption-text\">Feria artesan\u00eda de Madrid.<br \/>Foto: Turismo Madrid.<\/p><\/div>\n<p>Estos son los <strong>mercadillos navide\u00f1os<\/strong> que puedes visitar este a\u00f1o, at\u00edpico.<\/p>\n<p>Por otro lado, hace unos d\u00edas que se ha anunciado, a trav\u00e9s del BOEM la suspensi\u00f3n de las cabalgatas de Reyes Magos de los diferentes distritos madrile\u00f1os.<\/p>\n<p>Aunque, por el momento, la espectacular cabalgata de reyes de la ciudad de Madrid sigue en pie.<\/p>\n<div id=\"attachment_4561\" style=\"width: 670px\" class=\"wp-caption aligncenter\"><a href=\"https:\/\/www.gavirental.com\/blog\/wp-content\/uploads\/2020\/11\/cabalgata-reyes-madrid-turismo-madrid-gavirental.jpg\"><img aria-describedby=\"caption-attachment-4561\" decoding=\"async\" loading=\"lazy\" class=\"size-full wp-image-4561\" src=\"https:\/\/www.gavirental.com\/blog\/wp-content\/uploads\/2020\/11\/cabalgata-reyes-madrid-turismo-madrid-gavirental.jpg\" alt=\"Cabalgata de reyes de Madrid, Gavirental\" width=\"660\" height=\"335\" srcset=\"https:\/\/www.gavirental.com\/blog\/wp-content\/uploads\/2020\/11\/cabalgata-reyes-madrid-turismo-madrid-gavirental.jpg 660w, https:\/\/www.gavirental.com\/blog\/wp-content\/uploads\/2020\/11\/cabalgata-reyes-madrid-turismo-madrid-gavirental-300x152.jpg 300w, https:\/\/www.gavirental.com\/blog\/wp-content\/uploads\/2020\/11\/cabalgata-reyes-madrid-turismo-madrid-gavirental-600x304.jpg 600w\" sizes=\"(max-width: 660px) 100vw, 660px\" \/><\/a><p id=\"caption-attachment-4561\" class=\"wp-caption-text\">Cabalgata de reyes de Madrid.<br \/>Foto: Turismo Madrid.<\/p><\/div>\n<p>A estos <strong>mercadillos de Navida<\/strong>d y a la cabalgata de reyes de Madrid hay que sumarle el resto de tradiciones como la iluminaci\u00f3n de la capital, los puestos de casta\u00f1as, los roscones de reyes, los dulces navide\u00f1os&#8230; todo eso que hace que Madrid en Navidad tenga esa esencia tan especial.<\/p>\n<div id=\"attachment_4562\" style=\"width: 1090px\" class=\"wp-caption aligncenter\"><a href=\"https:\/\/www.gavirental.com\/blog\/wp-content\/uploads\/2020\/11\/luces-navidad-madrid-blog-gavirental.jpg\"><img aria-describedby=\"caption-attachment-4562\" decoding=\"async\" loading=\"lazy\" class=\"size-full wp-image-4562\" src=\"https:\/\/www.gavirental.com\/blog\/wp-content\/uploads\/2020\/11\/luces-navidad-madrid-blog-gavirental.jpg\" alt=\"Luces de Navidad de Madrid, gavirental\" width=\"1080\" height=\"608\" srcset=\"https:\/\/www.gavirental.com\/blog\/wp-content\/uploads\/2020\/11\/luces-navidad-madrid-blog-gavirental.jpg 1080w, https:\/\/www.gavirental.com\/blog\/wp-content\/uploads\/2020\/11\/luces-navidad-madrid-blog-gavirental-300x168.jpg 300w, https:\/\/www.gavirental.com\/blog\/wp-content\/uploads\/2020\/11\/luces-navidad-madrid-blog-gavirental-1024x576.jpg 1024w, https:\/\/www.gavirental.com\/blog\/wp-content\/uploads\/2020\/11\/luces-navidad-madrid-blog-gavirental-600x337.jpg 600w\" sizes=\"(max-width: 1080px) 100vw, 1080px\" \/><\/a><p id=\"caption-attachment-4562\" class=\"wp-caption-text\">Luces de Navidad de Madrid<\/p><\/div>\n<p>La Navidad significa volver al hogar, estar en el hogar con tus amigos, familia&#8230; y en Gavirental <strong>queremos ser tu hogar en Madrid.<\/strong><\/p>\n<p>&nbsp;<\/p>\n","protected":false},"excerpt":{"rendered":"<p>Se acercan unas fechas muy especiales y muy esperadas por todos, sobre todo este a\u00f1o. La Navidad es una \u00e9poca en la que se respira ilusi\u00f3n por todas partes.<\/p>\n","protected":false},"author":1,"featured_media":4563,"comment_status":"closed","ping_status":"closed","sticky":false,"template":"","format":"standard","meta":[],"categories":[3],"tags":[1194,1323,1326,9,1327,1325,172],"_links":{"self":[{"href":"https:\/\/www.gavirental.com\/blog\/wp-json\/wp\/v2\/posts\/4557"}],"collection":[{"href":"https:\/\/www.gavirental.com\/blog\/wp-json\/wp\/v2\/posts"}],"about":[{"href":"https:\/\/www.gavirental.com\/blog\/wp-json\/wp\/v2\/types\/post"}],"author":[{"embeddable":true,"href":"https:\/\/www.gavirental.com\/blog\/wp-json\/wp\/v2\/users\/1"}],"replies":[{"embeddable":true,"href":"https:\/\/www.gavirental.com\/blog\/wp-json\/wp\/v2\/comments?post=4557"}],"version-history":[{"count":1,"href":"https:\/\/www.gavirental.com\/blog\/wp-json\/wp\/v2\/posts\/4557\/revisions"}],"predecessor-version":[{"id":4564,"href":"https:\/\/www.gavirental.com\/blog\/wp-json\/wp\/v2\/posts\/4557\/revisions\/4564"}],"wp:featuredmedia":[{"embeddable":true,"href":"https:\/\/www.gavirental.com\/blog\/wp-json\/wp\/v2\/media\/4563"}],"wp:attachment":[{"href":"https:\/\/www.gavirental.com\/blog\/wp-json\/wp\/v2\/media?parent=4557"}],"wp:term":[{"taxonomy":"category","embeddable":true,"href":"https:\/\/www.gavirental.com\/blog\/wp-json\/wp\/v2\/categories?post=4557"},{"taxonomy":"post_tag","embeddable":true,"href":"https:\/\/www.gavirental.com\/blog\/wp-json\/wp\/v2\/tags?post=4557"}],"curies":[{"name":"wp","href":"https:\/\/api.w.org\/{rel}","templated":true}]}}