{"id":4683,"date":"2021-03-26T14:38:55","date_gmt":"2021-03-26T12:38:55","guid":{"rendered":"https:\/\/www.gavirental.com\/blog\/?p=4683"},"modified":"2021-04-26T16:22:15","modified_gmt":"2021-04-26T14:22:15","slug":"primavera-madrid-lugares-impresionantes-esta-epoca-del-ano","status":"publish","type":"post","link":"https:\/\/www.gavirental.com\/blog\/primavera-madrid-lugares-impresionantes-esta-epoca-del-ano\/","title":{"rendered":"Primavera en Madrid: 6 lugares impresionantes en esta \u00e9poca del a\u00f1o"},"content":{"rendered":"<p>\u00a1Por fin ha llegado la <strong>primavera a Madrid!<\/strong><\/p>\n<p>Las calles se llenan de sol, de alegr\u00eda, de planes (aunque este a\u00f1o sean m\u00e1s peque\u00f1os y m\u00e1s caseros), cambio de armario, los parques se llenan de flores\u2026 y Madrid celebra sus 2 grandes fiestas: El d\u00eda de La Comunidad de Madrid y San Isidro.<!--more--><\/p>\n<p>En definitiva, estamos de buen humor, m\u00e1s felices y con ganas de disfrutar del tiempo libre en<strong> una de las mejores ciudades del mundo<\/strong>.<\/p>\n<h2>Rincones impresionantes que te enamorar\u00e1n de la primavera de Madrid<\/h2>\n<p>Uno de los planes favoritos para disfrutar de la primavera en Madrid (siempre que el tiempo acompa\u00f1e) es dar paseos por sus impresionantes parques, hacer un picnic\u2026<\/p>\n<p><strong>Nuestros parques favoritos para visitar en primavera son:<\/strong><\/p>\n<ul>\n<li><strong>El parque de El Retiro:<\/strong> no pod\u00eda faltar en nuestra lista el pulm\u00f3n verde m\u00e1s importante de Madrid.<\/li>\n<\/ul>\n<div id=\"attachment_4684\" style=\"width: 1210px\" class=\"wp-caption aligncenter\"><a href=\"https:\/\/www.gavirental.com\/blog\/wp-content\/uploads\/2021\/03\/parque-del-retiro-primavera-gavirental.jpg\"><img aria-describedby=\"caption-attachment-4684\" decoding=\"async\" loading=\"lazy\" class=\"size-full wp-image-4684\" src=\"https:\/\/www.gavirental.com\/blog\/wp-content\/uploads\/2021\/03\/parque-del-retiro-primavera-gavirental.jpg\" alt=\"paseo por el Parque del Retiro, gavirental\" width=\"1200\" height=\"630\" srcset=\"https:\/\/www.gavirental.com\/blog\/wp-content\/uploads\/2021\/03\/parque-del-retiro-primavera-gavirental.jpg 1200w, https:\/\/www.gavirental.com\/blog\/wp-content\/uploads\/2021\/03\/parque-del-retiro-primavera-gavirental-300x157.jpg 300w, https:\/\/www.gavirental.com\/blog\/wp-content\/uploads\/2021\/03\/parque-del-retiro-primavera-gavirental-1024x537.jpg 1024w, https:\/\/www.gavirental.com\/blog\/wp-content\/uploads\/2021\/03\/parque-del-retiro-primavera-gavirental-600x315.jpg 600w\" sizes=\"(max-width: 1200px) 100vw, 1200px\" \/><\/a><p id=\"caption-attachment-4684\" class=\"wp-caption-text\">Paseo por el Parque del Retiro<\/p><\/div>\n<ul>\n<li><strong>La Quinta de Los Molinos:<\/strong> En esta \u00e9poca es impresionante.<\/li>\n<\/ul>\n<div id=\"attachment_4586\" style=\"width: 1010px\" class=\"wp-caption aligncenter\"><a href=\"https:\/\/www.gavirental.com\/blog\/wp-content\/uploads\/2020\/12\/la-quinta-de-los-molinos-blog-gavirental.jpg\"><img aria-describedby=\"caption-attachment-4586\" decoding=\"async\" loading=\"lazy\" class=\"size-full wp-image-4586\" src=\"https:\/\/www.gavirental.com\/blog\/wp-content\/uploads\/2020\/12\/la-quinta-de-los-molinos-blog-gavirental.jpg\" alt=\"La quinta de Los Molinos en Madrid, Gavirental\" width=\"1000\" height=\"1494\" srcset=\"https:\/\/www.gavirental.com\/blog\/wp-content\/uploads\/2020\/12\/la-quinta-de-los-molinos-blog-gavirental.jpg 1000w, https:\/\/www.gavirental.com\/blog\/wp-content\/uploads\/2020\/12\/la-quinta-de-los-molinos-blog-gavirental-200x300.jpg 200w, https:\/\/www.gavirental.com\/blog\/wp-content\/uploads\/2020\/12\/la-quinta-de-los-molinos-blog-gavirental-685x1024.jpg 685w, https:\/\/www.gavirental.com\/blog\/wp-content\/uploads\/2020\/12\/la-quinta-de-los-molinos-blog-gavirental-600x896.jpg 600w\" sizes=\"(max-width: 1000px) 100vw, 1000px\" \/><\/a><p id=\"caption-attachment-4586\" class=\"wp-caption-text\">La Quinta de los Molinos<\/p><\/div>\n<ul>\n<li><strong>El Parque del Oeste<\/strong>: Su rosaleda es archiconocida por su majestuosidad.<\/li>\n<\/ul>\n<div id=\"attachment_4596\" style=\"width: 1010px\" class=\"wp-caption aligncenter\"><a href=\"https:\/\/www.gavirental.com\/blog\/wp-content\/uploads\/2020\/12\/parque-del-oeste-gavirental.jpg\"><img aria-describedby=\"caption-attachment-4596\" decoding=\"async\" loading=\"lazy\" class=\"size-full wp-image-4596\" src=\"https:\/\/www.gavirental.com\/blog\/wp-content\/uploads\/2020\/12\/parque-del-oeste-gavirental.jpg\" alt=\"Parque del oeste, Gavirental\" width=\"1000\" height=\"751\" srcset=\"https:\/\/www.gavirental.com\/blog\/wp-content\/uploads\/2020\/12\/parque-del-oeste-gavirental.jpg 1000w, https:\/\/www.gavirental.com\/blog\/wp-content\/uploads\/2020\/12\/parque-del-oeste-gavirental-300x225.jpg 300w, https:\/\/www.gavirental.com\/blog\/wp-content\/uploads\/2020\/12\/parque-del-oeste-gavirental-600x450.jpg 600w\" sizes=\"(max-width: 1000px) 100vw, 1000px\" \/><\/a><p id=\"caption-attachment-4596\" class=\"wp-caption-text\">Parque del Oeste<\/p><\/div>\n<ul>\n<li><strong>El Cerro de T\u00edo P\u00edo:<\/strong> en el que puedes disfrutar de uno de las mejores panor\u00e1micas de la ciudad mientras disfrutas de un picnic.<\/li>\n<\/ul>\n<div id=\"attachment_4685\" style=\"width: 1210px\" class=\"wp-caption aligncenter\"><a href=\"https:\/\/www.gavirental.com\/blog\/wp-content\/uploads\/2021\/03\/cerro.tio-pio-gavirental.jpg\"><img aria-describedby=\"caption-attachment-4685\" decoding=\"async\" loading=\"lazy\" class=\"size-full wp-image-4685\" src=\"https:\/\/www.gavirental.com\/blog\/wp-content\/uploads\/2021\/03\/cerro.tio-pio-gavirental.jpg\" alt=\"Cerro de tio pio, gavirental\" width=\"1200\" height=\"630\" srcset=\"https:\/\/www.gavirental.com\/blog\/wp-content\/uploads\/2021\/03\/cerro.tio-pio-gavirental.jpg 1200w, https:\/\/www.gavirental.com\/blog\/wp-content\/uploads\/2021\/03\/cerro.tio-pio-gavirental-300x157.jpg 300w, https:\/\/www.gavirental.com\/blog\/wp-content\/uploads\/2021\/03\/cerro.tio-pio-gavirental-1024x537.jpg 1024w, https:\/\/www.gavirental.com\/blog\/wp-content\/uploads\/2021\/03\/cerro.tio-pio-gavirental-600x315.jpg 600w\" sizes=\"(max-width: 1200px) 100vw, 1200px\" \/><\/a><p id=\"caption-attachment-4685\" class=\"wp-caption-text\">Cerro T\u00edo p\u00edo<\/p><\/div>\n<p><strong>Otros lugares que no son exactamente parques, pero tambi\u00e9n son alucinantes en primavera:<\/strong><\/p>\n<ul>\n<li><strong>El real jard\u00edn bot\u00e1nico<\/strong>: la verdad es que es impresionante en cada \u00e9poca del a\u00f1o que se visita. Son ya famosos sus espect\u00e1culos navide\u00f1os, como la \u201cnaturaleza encendida\u201d de este a\u00f1o; pero \u201cLa Primavera\u201d se lleva la palma \u00a1Compru\u00e9balo por ti mism@!<\/li>\n<\/ul>\n<div id=\"attachment_4686\" style=\"width: 1210px\" class=\"wp-caption aligncenter\"><a href=\"https:\/\/www.gavirental.com\/blog\/wp-content\/uploads\/2021\/03\/real-jardin-botanico-gavirental.jpg\"><img aria-describedby=\"caption-attachment-4686\" decoding=\"async\" loading=\"lazy\" class=\"size-full wp-image-4686\" src=\"https:\/\/www.gavirental.com\/blog\/wp-content\/uploads\/2021\/03\/real-jardin-botanico-gavirental.jpg\" alt=\"Real jard\u00edn bot\u00e1nico, gavirental\" width=\"1200\" height=\"630\" srcset=\"https:\/\/www.gavirental.com\/blog\/wp-content\/uploads\/2021\/03\/real-jardin-botanico-gavirental.jpg 1200w, https:\/\/www.gavirental.com\/blog\/wp-content\/uploads\/2021\/03\/real-jardin-botanico-gavirental-300x157.jpg 300w, https:\/\/www.gavirental.com\/blog\/wp-content\/uploads\/2021\/03\/real-jardin-botanico-gavirental-1024x537.jpg 1024w, https:\/\/www.gavirental.com\/blog\/wp-content\/uploads\/2021\/03\/real-jardin-botanico-gavirental-600x315.jpg 600w\" sizes=\"(max-width: 1200px) 100vw, 1200px\" \/><\/a><p id=\"caption-attachment-4686\" class=\"wp-caption-text\">Real jard\u00edn bot\u00e1nico<\/p><\/div>\n<ul>\n<li><strong>El Instituto patrimonio cultural de Espa\u00f1a:<\/strong> Una joya de la arquitectura de Madrid, a\u00fan muy desconocida, que tiene forma de corona de espinas y que destaca por su belleza y su valor arquitect\u00f3nico.<\/li>\n<\/ul>\n<div id=\"attachment_4687\" style=\"width: 1978px\" class=\"wp-caption aligncenter\"><a href=\"https:\/\/www.gavirental.com\/blog\/wp-content\/uploads\/2021\/03\/Instituto-del-Patrimonio-Cultural-de-Espa\u00f1a-Open-House-Madrid-2.jpg\"><img aria-describedby=\"caption-attachment-4687\" decoding=\"async\" loading=\"lazy\" class=\"size-full wp-image-4687\" src=\"https:\/\/www.gavirental.com\/blog\/wp-content\/uploads\/2021\/03\/Instituto-del-Patrimonio-Cultural-de-Espa\u00f1a-Open-House-Madrid-2.jpg\" alt=\"instituto patrimonio cultural de Espa\u00f1a en madrid, gavirental\" width=\"1968\" height=\"913\" srcset=\"https:\/\/www.gavirental.com\/blog\/wp-content\/uploads\/2021\/03\/Instituto-del-Patrimonio-Cultural-de-Espa\u00f1a-Open-House-Madrid-2.jpg 1968w, https:\/\/www.gavirental.com\/blog\/wp-content\/uploads\/2021\/03\/Instituto-del-Patrimonio-Cultural-de-Espa\u00f1a-Open-House-Madrid-2-300x139.jpg 300w, https:\/\/www.gavirental.com\/blog\/wp-content\/uploads\/2021\/03\/Instituto-del-Patrimonio-Cultural-de-Espa\u00f1a-Open-House-Madrid-2-1024x475.jpg 1024w, https:\/\/www.gavirental.com\/blog\/wp-content\/uploads\/2021\/03\/Instituto-del-Patrimonio-Cultural-de-Espa\u00f1a-Open-House-Madrid-2-600x278.jpg 600w\" sizes=\"(max-width: 1968px) 100vw, 1968px\" \/><\/a><p id=\"caption-attachment-4687\" class=\"wp-caption-text\">Interior del Instituto Patrimonio cultural de Espa\u00f1a en Madrid<\/p><\/div>\n<p>&nbsp;<\/p>\n<p>Para que disfrutes de lo mejor de esta \u00e9poca del a\u00f1o, del calor\u2026 muchos <a title=\"buscar apartamento gavirental\" href=\"https:\/\/www.gavirental.com\/es\/search\" target=\"_blank\">apartamentos de Gavirental<\/a> est\u00e1n equipados con acogedoras terrazas para que no le falte ese trocito de primavera a tu hogar.<\/p>\n<p>Consulta en nuestra web los apartamentos que tenemos disponibles.<\/p>\n","protected":false},"excerpt":{"rendered":"<p>\u00a1Por fin ha llegado la primavera a Madrid! Las calles se llenan de sol, de alegr\u00eda, de planes (aunque este a\u00f1o sean m\u00e1s peque\u00f1os y m\u00e1s caseros), cambio de armario, los parques se llenan de flores\u2026 y Madrid celebra sus 2 grandes fiestas: El d\u00eda de La Comunidad de Madrid y San Isidro.<\/p>\n","protected":false},"author":1,"featured_media":4688,"comment_status":"closed","ping_status":"closed","sticky":false,"template":"","format":"standard","meta":[],"categories":[1],"tags":[65,66,479],"_links":{"self":[{"href":"https:\/\/www.gavirental.com\/blog\/wp-json\/wp\/v2\/posts\/4683"}],"collection":[{"href":"https:\/\/www.gavirental.com\/blog\/wp-json\/wp\/v2\/posts"}],"about":[{"href":"https:\/\/www.gavirental.com\/blog\/wp-json\/wp\/v2\/types\/post"}],"author":[{"embeddable":true,"href":"https:\/\/www.gavirental.com\/blog\/wp-json\/wp\/v2\/users\/1"}],"replies":[{"embeddable":true,"href":"https:\/\/www.gavirental.com\/blog\/wp-json\/wp\/v2\/comments?post=4683"}],"version-history":[{"count":2,"href":"https:\/\/www.gavirental.com\/blog\/wp-json\/wp\/v2\/posts\/4683\/revisions"}],"predecessor-version":[{"id":4696,"href":"https:\/\/www.gavirental.com\/blog\/wp-json\/wp\/v2\/posts\/4683\/revisions\/4696"}],"wp:featuredmedia":[{"embeddable":true,"href":"https:\/\/www.gavirental.com\/blog\/wp-json\/wp\/v2\/media\/4688"}],"wp:attachment":[{"href":"https:\/\/www.gavirental.com\/blog\/wp-json\/wp\/v2\/media?parent=4683"}],"wp:term":[{"taxonomy":"category","embeddable":true,"href":"https:\/\/www.gavirental.com\/blog\/wp-json\/wp\/v2\/categories?post=4683"},{"taxonomy":"post_tag","embeddable":true,"href":"https:\/\/www.gavirental.com\/blog\/wp-json\/wp\/v2\/tags?post=4683"}],"curies":[{"name":"wp","href":"https:\/\/api.w.org\/{rel}","templated":true}]}}