{"id":4801,"date":"2021-12-27T18:10:49","date_gmt":"2021-12-27T16:10:49","guid":{"rendered":"https:\/\/www.gavirental.com\/blog\/?p=4801"},"modified":"2021-12-27T18:10:49","modified_gmt":"2021-12-27T16:10:49","slug":"la-tradicion-de-tomar-las-uvas-de-fin-de-ano-en-la-puerta-del-sol","status":"publish","type":"post","link":"https:\/\/www.gavirental.com\/blog\/la-tradicion-de-tomar-las-uvas-de-fin-de-ano-en-la-puerta-del-sol\/","title":{"rendered":"La tradici\u00f3n de tomar las uvas de fin de a\u00f1o en la Puerta del Sol"},"content":{"rendered":"<p>Este a\u00f1o volver\u00e1n la tradici\u00f3n de tomar las &#8220;uvas de la suerte&#8221; frente al reloj de la Puerta del Sol. \u00bfSabes de d\u00f3nde viene esta tradici\u00f3n?<!--more--><\/p>\n<p class=\"paragraph\" data-gtm-element-container=\"modulo-texto-link\">Todo empez\u00f3 en\u00a01892; cuando el entonces alcalde de Madrid, Jos\u00e9 Abascal, dict\u00f3 una orden que anunciaba que todo aquel que se excediera la v\u00edspera de la festividad de los Reyes Magos, es decir el 5 de enero, ser\u00eda objeto de una multa de cinco pesetas.<\/p>\n<p class=\"paragraph\" data-gtm-element-container=\"modulo-texto-link\">Ante este anuncio, muchos grupos de las clases obreras se quejaban de las\u00a0grandes comidas y fiestas en las casas de la aristocracia durante las fiestas navide\u00f1as. Y\u00a0al no poder ellos festejar la salida y entrada de a\u00f1o de aquella misma manera, eligieron el 5 de enero como una especie de protesta.<\/p>\n<p class=\"paragraph\" data-gtm-element-container=\"modulo-texto-link\">El lugar elegido para concentrarse: la Puerta del Sol. All\u00ed, cada a\u00f1o, eran cada vez m\u00e1s las personas que se concentraban.<\/p>\n<p class=\"paragraph\" data-gtm-element-container=\"modulo-texto-link\">Poco a poco, lo que empez\u00f3 como una protesta, se acab\u00f3 convirtiendo en una tradici\u00f3n a la que ya se un\u00edan todas las clases sociales, incluso las m\u00e1s privilegiadas.<\/p>\n<p class=\"paragraph\" data-gtm-element-container=\"modulo-texto-link\">En la nochevieja de 1990 hubo una sobreproducci\u00f3n de uvas y\u00a0 los agricultores se pusieron en contacto con el Gobierno\u00a0 con el fin de que este potenciara la compra de uvas para tomarlas en la \u00faltima noche del a\u00f1o.<\/p>\n<p class=\"paragraph\" data-gtm-element-container=\"modulo-texto-link\">Por eso aquella Navidad la Puerta del Sol se llen\u00f3 con cientos de personas comiendo uvas. Y as\u00ed sucede cada a\u00f1o en ese punto emblem\u00e1tico de Madrid<\/p>\n<p class=\"paragraph\" data-gtm-element-container=\"modulo-texto-link\">\n","protected":false},"excerpt":{"rendered":"<p>Este a\u00f1o volver\u00e1n la tradici\u00f3n de tomar las &#8220;uvas de la suerte&#8221; frente al reloj de la Puerta del Sol. \u00bfSabes de d\u00f3nde viene esta tradici\u00f3n?<\/p>\n","protected":false},"author":1,"featured_media":4803,"comment_status":"closed","ping_status":"closed","sticky":false,"template":"","format":"standard","meta":[],"categories":[388,3],"tags":[1276,1323,9,7,1277],"_links":{"self":[{"href":"https:\/\/www.gavirental.com\/blog\/wp-json\/wp\/v2\/posts\/4801"}],"collection":[{"href":"https:\/\/www.gavirental.com\/blog\/wp-json\/wp\/v2\/posts"}],"about":[{"href":"https:\/\/www.gavirental.com\/blog\/wp-json\/wp\/v2\/types\/post"}],"author":[{"embeddable":true,"href":"https:\/\/www.gavirental.com\/blog\/wp-json\/wp\/v2\/users\/1"}],"replies":[{"embeddable":true,"href":"https:\/\/www.gavirental.com\/blog\/wp-json\/wp\/v2\/comments?post=4801"}],"version-history":[{"count":1,"href":"https:\/\/www.gavirental.com\/blog\/wp-json\/wp\/v2\/posts\/4801\/revisions"}],"predecessor-version":[{"id":4804,"href":"https:\/\/www.gavirental.com\/blog\/wp-json\/wp\/v2\/posts\/4801\/revisions\/4804"}],"wp:featuredmedia":[{"embeddable":true,"href":"https:\/\/www.gavirental.com\/blog\/wp-json\/wp\/v2\/media\/4803"}],"wp:attachment":[{"href":"https:\/\/www.gavirental.com\/blog\/wp-json\/wp\/v2\/media?parent=4801"}],"wp:term":[{"taxonomy":"category","embeddable":true,"href":"https:\/\/www.gavirental.com\/blog\/wp-json\/wp\/v2\/categories?post=4801"},{"taxonomy":"post_tag","embeddable":true,"href":"https:\/\/www.gavirental.com\/blog\/wp-json\/wp\/v2\/tags?post=4801"}],"curies":[{"name":"wp","href":"https:\/\/api.w.org\/{rel}","templated":true}]}}