{"id":4931,"date":"2023-02-24T14:48:01","date_gmt":"2023-02-24T12:48:01","guid":{"rendered":"https:\/\/www.gavirental.com\/blog\/?p=4931"},"modified":"2023-02-24T14:48:03","modified_gmt":"2023-02-24T12:48:03","slug":"vuelve-arco-madrid-la-feria-de-arte-contemporaneo","status":"publish","type":"post","link":"https:\/\/www.gavirental.com\/blog\/vuelve-arco-madrid-la-feria-de-arte-contemporaneo\/","title":{"rendered":"Vuelve ARCO Madrid: La feria de arte contempor\u00e1neo"},"content":{"rendered":"\n<p>Desde el pasado mi\u00e9rcoles y hasta el domingo 26 de febrero podr\u00e1s disfrutar de <strong>ARCOMadrid en IFEMA<\/strong>. La Feria Internacional de Arte Contempor\u00e1neo de Espa\u00f1a (ARCO), desde su creaci\u00f3n, constituye <strong>una de las principales plataformas del mercado del arte contempor\u00e1neo.<\/strong><\/p>\n\n\n\n<!--more-->\n\n\n\n<p>Este a\u00f1o se celebra su 42\u00aa edici\u00f3n <strong>con el mediterr\u00e1neo como proyecto central<\/strong>. El programa, <strong>`El Mediterr\u00e1neo: Un Mar Redondo\u00b4<\/strong>, capitaneado por Marina Fokidis, y con la asesor\u00eda de Bouchra Khalili, Hila Peleg y Pedro G. Romero, gira en torno a las escenas art\u00edsticas de los pa\u00edses que rodean este mar, desde el sur al norte y de costa a costa.<\/p>\n\n\n\n<p>Adem\u00e1s, ARCOMadrid 2023 mantiene los habituales programas de cada a\u00f1o: galer\u00edas seleccionadas por el Comit\u00e9 Organizador, la secci\u00f3n `Opening by Allianz\u00b4, encabezada por Julia Morandeira y Yina Jim\u00e9nez, donde se presentan galer\u00edas j\u00f3venes; y `Nunca lo Mismo. Arte Latinoamericano\u00b4, dirigida por Mariano Mayer y Manuela Moscoso, secci\u00f3n que refuerza el v\u00ednculo hist\u00f3rico entre ARCOmadrid y el arte Latinoamericano.<\/p>\n\n\n\n<p>Adem\u00e1s este a\u00f1o es el 1\u00ba que se celebra con 0 restricciones tras la pandemia mundial, por lo que est\u00e1 resultando ser un gran <strong>\u00e9xito de asistencia.<\/strong><\/p>\n\n\n\n<figure class=\"wp-block-image size-large\"><a href=\"https:\/\/www.gavirental.com\/blog\/wp-content\/uploads\/2023\/02\/iStock-1281724535.jpg\"><img decoding=\"async\" loading=\"lazy\" width=\"1024\" height=\"538\" src=\"https:\/\/www.gavirental.com\/blog\/wp-content\/uploads\/2023\/02\/iStock-1281724535-1024x538.jpg\" alt=\"Ferias y Congresos de Madrid 2023, Gavirentals\" class=\"wp-image-4932\" srcset=\"https:\/\/www.gavirental.com\/blog\/wp-content\/uploads\/2023\/02\/iStock-1281724535-1024x538.jpg 1024w, https:\/\/www.gavirental.com\/blog\/wp-content\/uploads\/2023\/02\/iStock-1281724535-300x158.jpg 300w, https:\/\/www.gavirental.com\/blog\/wp-content\/uploads\/2023\/02\/iStock-1281724535-768x403.jpg 768w, https:\/\/www.gavirental.com\/blog\/wp-content\/uploads\/2023\/02\/iStock-1281724535-600x315.jpg 600w, https:\/\/www.gavirental.com\/blog\/wp-content\/uploads\/2023\/02\/iStock-1281724535.jpg 1200w\" sizes=\"(max-width: 1024px) 100vw, 1024px\" \/><\/a><\/figure>\n\n\n\n<h2>Madrid: principal destino de ferias nacionales e internacionales<\/h2>\n\n\n\n<p>Madrid es una ciudad que siempre ha potenciado mucho el hecho de ser <strong>un punto de encuentro empresarial pionero<\/strong> con un gran recinto, grandes y renovadas instalaciones, un inmejorable transporte p\u00fablico\u2026<\/p>\n\n\n\n<p>De hecho, a finales del pasado a\u00f1o la ciudad recibi\u00f3, por 4\u00ba a\u00f1o consecutivo, el <a href=\"https:\/\/www.worldtravelawards.com\/award-worlds-leading-meetings-and-conference-destination-2022\">premio World\u2019s Leading Meetings &amp; Conference Destination 2022<\/a> (el galard\u00f3n por ser <strong>el mejor destino de referencia para celebrar eventos y encuentros profesionales a nivel mundial<\/strong>) por encima de destinos como Abu Dhabi, Par\u00eds, Las Vegas, Singapur o Se\u00fal.<\/p>\n\n\n\n<p>Esto se debe, entre otros motivos, a la <strong>sostenibilidad, profesionalidad e innovaci\u00f3n<\/strong> de la oferta que presenta la capital de Espa\u00f1a.<\/p>\n\n\n\n<p>Pero este no es el \u00fanico reconocimiento que ha recibido Madrid: La capital ha sido reconocida como <strong>el mejor destino MICE <\/strong>(reuniones, incentivos, convenciones y ferias) <strong>de Europa<\/strong> en los World MICE Awards 2022. Un premio que ha logrado por 3\u00ba a\u00f1o consecutivo en este certamen que mide los est\u00e1ndares de calidad y excelencia de las empresas y organizaciones que forman parte de este sector, y el que tambi\u00e9n han sido premiadas las madrile\u00f1as IFEMA MADRID (mejor centro de Convenciones de Europa) y Cititravel DMC (mejor organizador MICE de Europa).<\/p>\n\n\n\n<p>Aqu\u00ed puedes consultar todas <a href=\"https:\/\/www.esmadrid.com\/agenda-ferias-y-congresos-madrid\">las ferias y congresos que se celebran en Madrid<\/a><\/p>\n\n\n\n<h2>D\u00f3nde alojarse en Madrid. Destino laboral<\/h2>\n\n\n\n<figure class=\"wp-block-image size-large\"><a href=\"https:\/\/www.gavirental.com\/blog\/wp-content\/uploads\/2023\/02\/iStock-1385274673.jpg\"><img decoding=\"async\" loading=\"lazy\" width=\"1024\" height=\"538\" src=\"https:\/\/www.gavirental.com\/blog\/wp-content\/uploads\/2023\/02\/iStock-1385274673-1024x538.jpg\" alt=\"Apartamento para trabajadores en Madrid, gavirentals\" class=\"wp-image-4933\" srcset=\"https:\/\/www.gavirental.com\/blog\/wp-content\/uploads\/2023\/02\/iStock-1385274673-1024x538.jpg 1024w, https:\/\/www.gavirental.com\/blog\/wp-content\/uploads\/2023\/02\/iStock-1385274673-300x158.jpg 300w, https:\/\/www.gavirental.com\/blog\/wp-content\/uploads\/2023\/02\/iStock-1385274673-768x403.jpg 768w, https:\/\/www.gavirental.com\/blog\/wp-content\/uploads\/2023\/02\/iStock-1385274673-600x315.jpg 600w, https:\/\/www.gavirental.com\/blog\/wp-content\/uploads\/2023\/02\/iStock-1385274673.jpg 1200w\" sizes=\"(max-width: 1024px) 100vw, 1024px\" \/><\/a><\/figure>\n\n\n\n<ul>\n<li><strong>Paseo de la Castellana<\/strong>: Se trata del enclave financiero de la ciudad. Se ha convertido en punto de encuentro de las grandes empresas e instituciones nacionales e internacionales.<\/li>\n\n\n\n<li><strong>Calle Orense<\/strong>: Muy cerca del enclave financiero de la ciudad, pero adem\u00e1s, en una de las mejores zonas de ocio \u00a1Perfecta si eres fan de los afterworks!<\/li>\n\n\n\n<li><strong>Nuevos Ministerios<\/strong>: Destaca por su conectividad con cualquier punto de la ciudad.<\/li>\n\n\n\n<li><strong>Campo de las Naciones y Arturo Soria<\/strong>: En esta zona es donde se encuentra IFEMA; y es perfecta para acudir a todas las ferias y congresos que se celebran en Madrid a lo largo del a\u00f1o.&nbsp; Adem\u00e1s es una zona llena de diferentes planes de ocio, con muy buenas conexiones en transporte p\u00fablico con el resto de la ciudad, colegios y centros escolares\u2026<\/li>\n<\/ul>\n\n\n\n<h1>Ventajas de alojarte con Gavirentals<\/h1>\n\n\n\n<p>En <a href=\"https:\/\/www.gavirental.com\/es\"><strong>Gavirentals<\/strong><\/a> ofrecemos un <a href=\"https:\/\/www.gavirental.com\/es\/servicios-a-empresas\">servicio de alquiler de apartamentos para empresas<\/a> en el centro de Madrid; y en ubicaciones perfectamente comunicadas con zonas de negocios como Chamart\u00edn, IFEMA , la ciudad financiera del BBVA o al Distrito C de Telef\u00f3nica.<\/p>\n\n\n\n<p>En<strong> Gavirentals<\/strong> comprendemos las necesidades espec\u00edficas de las empresas y por eso nuestros alquileres para empresas en el centro de Madrid ofrecen servicios de <strong>atenci\u00f3n personalizada, limpieza y transporte,<\/strong> que te permitir\u00e1n dedicarte a lo que de verdad te importa.<\/p>\n\n\n\n<p>Disponemos de <strong>equipos propios especializados, dedicados en exclusiva a cuidar de nuestros edificios y clientes<\/strong>.<\/p>\n\n\n\n<p>Somos propietarios de m\u00e1s de 200 apartamentos en el centro de Madrid, totalmente rehabilitados y reformados, de \u00f3ptima calidad y dise\u00f1o. Llevamos m\u00e1s de 20 a\u00f1os dedic\u00e1ndonos a crear apartamentos y estancias de ensue\u00f1o. Alquilamos sin comisiones ni intermediarios, para que te sientas en total confianza.<\/p>\n\n\n\n<p>Deja que nosotros hagamos nuestro trabajo para que t\u00fa puedas dedicarte al tuyo.<\/p>\n\n\n\n<figure class=\"wp-block-image size-large\"><a href=\"https:\/\/www.gavirental.com\/blog\/wp-content\/uploads\/2023\/02\/iStock-1400778173.jpg\"><img decoding=\"async\" loading=\"lazy\" width=\"1024\" height=\"538\" src=\"https:\/\/www.gavirental.com\/blog\/wp-content\/uploads\/2023\/02\/iStock-1400778173-1024x538.jpg\" alt=\"Madrid, destino laboral, Gavirentals\" class=\"wp-image-4934\" srcset=\"https:\/\/www.gavirental.com\/blog\/wp-content\/uploads\/2023\/02\/iStock-1400778173-1024x538.jpg 1024w, https:\/\/www.gavirental.com\/blog\/wp-content\/uploads\/2023\/02\/iStock-1400778173-300x158.jpg 300w, https:\/\/www.gavirental.com\/blog\/wp-content\/uploads\/2023\/02\/iStock-1400778173-768x403.jpg 768w, https:\/\/www.gavirental.com\/blog\/wp-content\/uploads\/2023\/02\/iStock-1400778173-600x315.jpg 600w, https:\/\/www.gavirental.com\/blog\/wp-content\/uploads\/2023\/02\/iStock-1400778173.jpg 1200w\" sizes=\"(max-width: 1024px) 100vw, 1024px\" \/><\/a><\/figure>\n","protected":false},"excerpt":{"rendered":"<p>Desde el pasado mi\u00e9rcoles y hasta el domingo 26 de febrero podr\u00e1s disfrutar de ARCOMadrid en IFEMA. La Feria Internacional de Arte Contempor\u00e1neo de Espa\u00f1a (ARCO), desde su creaci\u00f3n, constituye una de las principales plataformas del mercado del arte contempor\u00e1neo.<\/p>\n","protected":false},"author":1,"featured_media":4935,"comment_status":"closed","ping_status":"closed","sticky":false,"template":"","format":"standard","meta":[],"categories":[13],"tags":[465,1323,1328],"_links":{"self":[{"href":"https:\/\/www.gavirental.com\/blog\/wp-json\/wp\/v2\/posts\/4931"}],"collection":[{"href":"https:\/\/www.gavirental.com\/blog\/wp-json\/wp\/v2\/posts"}],"about":[{"href":"https:\/\/www.gavirental.com\/blog\/wp-json\/wp\/v2\/types\/post"}],"author":[{"embeddable":true,"href":"https:\/\/www.gavirental.com\/blog\/wp-json\/wp\/v2\/users\/1"}],"replies":[{"embeddable":true,"href":"https:\/\/www.gavirental.com\/blog\/wp-json\/wp\/v2\/comments?post=4931"}],"version-history":[{"count":1,"href":"https:\/\/www.gavirental.com\/blog\/wp-json\/wp\/v2\/posts\/4931\/revisions"}],"predecessor-version":[{"id":4936,"href":"https:\/\/www.gavirental.com\/blog\/wp-json\/wp\/v2\/posts\/4931\/revisions\/4936"}],"wp:featuredmedia":[{"embeddable":true,"href":"https:\/\/www.gavirental.com\/blog\/wp-json\/wp\/v2\/media\/4935"}],"wp:attachment":[{"href":"https:\/\/www.gavirental.com\/blog\/wp-json\/wp\/v2\/media?parent=4931"}],"wp:term":[{"taxonomy":"category","embeddable":true,"href":"https:\/\/www.gavirental.com\/blog\/wp-json\/wp\/v2\/categories?post=4931"},{"taxonomy":"post_tag","embeddable":true,"href":"https:\/\/www.gavirental.com\/blog\/wp-json\/wp\/v2\/tags?post=4931"}],"curies":[{"name":"wp","href":"https:\/\/api.w.org\/{rel}","templated":true}]}}