{"id":4938,"date":"2023-03-10T15:17:19","date_gmt":"2023-03-10T13:17:19","guid":{"rendered":"https:\/\/www.gavirental.com\/blog\/?p=4938"},"modified":"2023-03-10T15:17:20","modified_gmt":"2023-03-10T13:17:20","slug":"mujeres-madrilenas-que-han-hecho-historia","status":"publish","type":"post","link":"https:\/\/www.gavirental.com\/blog\/mujeres-madrilenas-que-han-hecho-historia\/","title":{"rendered":"Mujeres madrile\u00f1as que han hecho historia"},"content":{"rendered":"\n<p>Esta semana se ha celebrado, como cada a\u00f1o, El <strong>D\u00eda Internacional de la Mujer<\/strong> y en Madrid tenemos una larga lista de <strong>madrile\u00f1as que han sido importantes para la historia<\/strong> y que queremos recordar en esta semana tan especial.<\/p>\n\n\n\n<!--more-->\n\n\n\n<h2>Mujeres madrile\u00f1as ilustres<\/h2>\n\n\n\n<figure class=\"wp-block-image size-large\"><a href=\"https:\/\/www.gavirental.com\/blog\/wp-content\/uploads\/2023\/03\/iStock-1350446105-1.jpg\"><img decoding=\"async\" loading=\"lazy\" width=\"1024\" height=\"538\" src=\"https:\/\/www.gavirental.com\/blog\/wp-content\/uploads\/2023\/03\/iStock-1350446105-1-1024x538.jpg\" alt=\"Mujeres madrile\u00f1as, Gavirentals\" class=\"wp-image-4940\" srcset=\"https:\/\/www.gavirental.com\/blog\/wp-content\/uploads\/2023\/03\/iStock-1350446105-1-1024x538.jpg 1024w, https:\/\/www.gavirental.com\/blog\/wp-content\/uploads\/2023\/03\/iStock-1350446105-1-300x158.jpg 300w, https:\/\/www.gavirental.com\/blog\/wp-content\/uploads\/2023\/03\/iStock-1350446105-1-768x403.jpg 768w, https:\/\/www.gavirental.com\/blog\/wp-content\/uploads\/2023\/03\/iStock-1350446105-1-600x315.jpg 600w, https:\/\/www.gavirental.com\/blog\/wp-content\/uploads\/2023\/03\/iStock-1350446105-1.jpg 1200w\" sizes=\"(max-width: 1024px) 100vw, 1024px\" \/><\/a><\/figure>\n\n\n\n<ul>\n<li><strong>Manuela Malasa\u00f1a<\/strong>: Seguro que alguna vez has pasado por la calle Manuela Malasa\u00f1a \u00bfPero sabes qui\u00e9n fue ella? Esta costurera es todo un s\u00edmbolo de un d\u00eda se\u00f1alado en la ciudad: el 2 de mayo de 1808. Existen dos versiones de lo que le ocurri\u00f3: en una se afirma que form\u00f3 parte del grupo de mujeres que escond\u00eda en su falda munici\u00f3n para las tropas espa\u00f1olas y que acab\u00f3 muriendo de un disparo en combate; en la otra se cuenta que fue detenida por los franceses, que encontraron entre sus pertenencias tijeras y otros utensilios propios de su profesi\u00f3n que ellos consideraron armas, por lo que fue fusilada. Su martirio la llev\u00f3 a figurar en el callejero madrile\u00f1o y posteriormente, en los 80, renombraron el antiguo barrio Maravillas con su nombre.<\/li>\n\n\n\n<li><strong>Clara Campoamor<\/strong>: Posiblemente no lo sabr\u00e1s, pero es la \u201cculpable\u201d de que las mujeres puedan votar. Esta madrile\u00f1a originaria de Lavapi\u00e9s se convirti\u00f3 en la primera voz femenina en hablar en el hemiciclo y una de sus propuestas m\u00e1s pol\u00e9micas fue el voto femenino, objetivo que acab\u00f3 consiguiendo.<\/li>\n\n\n\n<li><strong>Federica Montseny<\/strong>: Fue la primera mujer ministra en la historia de Espa\u00f1a, ejerci\u00f3 el cargo de Ministra de Sanidad y Asistencia Social durante el Gobierno de Largo Caballero y la Guerra Civil.<\/li>\n\n\n\n<li><strong>Gloria Fuertes: <\/strong>Una gran dramaturga y poetisa, gran icono de la generaci\u00f3n de los 50.<\/li>\n\n\n\n<li><strong>Carmen Maura<\/strong>: El rostro de una nueva forma de hacer cine. Comenz\u00f3 en el teatro a finales de los 60 y tras diversas obras de teatro le lleg\u00f3 la oportunidad de saltar al cine en los 70 de la mano de Fernando Colomo. En Malasa\u00f1a rod\u00f3 \u201cPepi, Luci, Bom y otras chicas del Mont\u00f3n\u201d anticipando una nueva era en el cine.<\/li>\n\n\n\n<li><strong>Blanca Lle\u00f3<\/strong>: Esta arquitecta madrile\u00f1a ha destacado siempre por su gran creatividad. Su obra m\u00e1s representativa es \u201cEl Mirador de Sanchinarro\u201d: este peculiar edificio fue construido en 9 bloques montados en vertical. Contiene m\u00e1s de 35 diferentes tipolog\u00edas de viviendas y representa un barrio vertical. Su gran mirador concebido para fomentar las relaciones vecinales es el sello de la filosof\u00eda de su autora.<\/li>\n\n\n\n<li><strong>\u00c1gata Ruiz de la Prada: <\/strong>Esta controvertida modista siempre ha destacado. Comenz\u00f3 su carrera como modista con apenas 20 a\u00f1os y tras trabajar en el estudio de Pepe Rubio durante un a\u00f1o, comenz\u00f3 a desfilar sus creaciones en las principales pasarelas. Finalmente, la irrupci\u00f3n de la Movida hizo que sus colores y corazones cambiaran Madrid.<\/li>\n\n\n\n<li><strong>Blanca Fern\u00e1ndez Ochoa<\/strong>: Gan\u00f3 la primera medalla femenina en unos juegos de invierno, compitiendo en ski. Fue en los Juegos Ol\u00edmpicos de Albertville donde gan\u00f3 una medalla de bronce.<\/li>\n\n\n\n<li><strong>Pen\u00e9lope Cruz:<\/strong> Una aut\u00e9ntica estrella originaria de Madrid. Logr\u00f3 ganar un \u00d3scar con \u201cVicky, Cristina, Barcelona\u201d de Woody Allen; que, sin duda, la convirti\u00f3 en leyenda y modelo a seguir para muchas j\u00f3venes actrices espa\u00f1olas.<\/li>\n\n\n\n<li><strong>Nieves \u00c1lvarez:<\/strong> Nieves se convirti\u00f3 en una s\u00faper modelo en los 90, la era de las Top Model. Ha desfilado por las principales pasarelas trabajando para Versace, Armani, Saint Laurent, Herm\u00e9s o Dior.<\/li>\n<\/ul>\n\n\n\n<h2>Alojarte en ubicaciones c\u00e9ntricas e hist\u00f3ricas de Madrid<\/h2>\n\n\n\n<figure class=\"wp-block-image size-large\"><a href=\"https:\/\/www.gavirental.com\/blog\/wp-content\/uploads\/2023\/03\/iStock-664617990.jpg\"><img decoding=\"async\" loading=\"lazy\" width=\"1024\" height=\"538\" src=\"https:\/\/www.gavirental.com\/blog\/wp-content\/uploads\/2023\/03\/iStock-664617990-1024x538.jpg\" alt=\"Vivir en lugares hist\u00f3ricos de Madrid, Gavirentals\" class=\"wp-image-4941\" srcset=\"https:\/\/www.gavirental.com\/blog\/wp-content\/uploads\/2023\/03\/iStock-664617990-1024x538.jpg 1024w, https:\/\/www.gavirental.com\/blog\/wp-content\/uploads\/2023\/03\/iStock-664617990-300x158.jpg 300w, https:\/\/www.gavirental.com\/blog\/wp-content\/uploads\/2023\/03\/iStock-664617990-768x403.jpg 768w, https:\/\/www.gavirental.com\/blog\/wp-content\/uploads\/2023\/03\/iStock-664617990-600x315.jpg 600w, https:\/\/www.gavirental.com\/blog\/wp-content\/uploads\/2023\/03\/iStock-664617990.jpg 1200w\" sizes=\"(max-width: 1024px) 100vw, 1024px\" \/><\/a><\/figure>\n\n\n\n<p>Madrid es <a href=\"https:\/\/www.gavirental.com\/blog\/historia-amor-madrilena-puente-calle-segovia\/\"><strong>una ciudad llena de historia<\/strong><\/a> por lo que alojarte en barrios m\u00edticos de Madrid, zonas castizas, lugares donde tuvieron lugar importantes acontecimientos de la historia de la ciudad como <strong>La Plaza de Santa Ana, La Puerta del Sol, las estrechas calles del centro de Madrid, junto a importantes museos<\/strong>\u2026 es un EXTRA para vivir y sentir esta ciudad desde el d\u00eda en el que pongas el pie en Madrid.<\/p>\n\n\n\n<p>En <a href=\"https:\/\/www.gavirental.com\/es\/alquiler-apartamentos-madrid\">Gavirentals<\/a> somos propietarios de m\u00e1s de 200 apartamentos y todos tienen una cosa en com\u00fan: <strong>su excelente y exclusiva ubicaci\u00f3n<\/strong> en la capital. Perfectos para conocer y recorrer todos esos rincones en los que \u201cse grab\u00f3\u201d un trocito de historia.<\/p>\n\n\n\n<p><a href=\"https:\/\/www.gavirental.com\/es\/alquiler-de-pisos-madrid\">Todos nuestros apartamentos<\/a>:<\/p>\n\n\n\n<ul>\n<li>Tienen ubicaciones excelentes<\/li>\n\n\n\n<li>Amueblados exclusivamente<\/li>\n\n\n\n<li>Equipados completamente<\/li>\n\n\n\n<li>WIFI incluido<\/li>\n\n\n\n<li>Opci\u00f3n de contratar servicios de limpieza<\/li>\n\n\n\n<li>Mantenimiento 24\/7<\/li>\n\n\n\n<li>Sin intermediarios, somos propietarios.<\/li>\n<\/ul>\n\n\n\n<p>Adem\u00e1s, en nuestra web descubrir\u00e1s incre\u00edbles condiciones y beneficios pensados para <a href=\"https:\/\/www.gavirental.com\/es\/alquiler-pisos-estudiantes-madrid\">estudiantes<\/a> o para <a href=\"https:\/\/www.gavirental.com\/es\/servicios-a-empresas\">empresas<\/a>, solo por alojarte en nuestros apartamentos.<\/p>\n\n\n\n<h2>Madrid, una ciudad con nombre de mujer<\/h2>\n\n\n\n<p>El peso de la mujer es tan evidente en esta ciudad, que muchos cantantes y cantautores consagrados como Leiva (Pereza), Marw\u00e1n Joaqu\u00edn Sabina\u2026cantan a Madrid <strong>refiri\u00e9ndose a esta ciudad como una mujer.<\/strong><strong><\/strong><\/p>\n\n\n\n<p class=\"has-text-align-center\">Ella es una mujer que no conoce el mar<br>Sus piernas tienen el color de las aceras<br>Bastante exagerada y algo bipolar<br>Es tan humilde y a la vez tan altanera\u2026<br>\u2026Puede ser que la conozcas, si te digo que su nombre es Madrid<\/p>\n\n\n\n<p><a href=\"https:\/\/www.youtube.com\/watch?v=Tu3KuJverN8\">Marw\u00e1n, Puede ser que la conozcas<\/a><\/p>\n","protected":false},"excerpt":{"rendered":"<p>Esta semana se ha celebrado, como cada a\u00f1o, El D\u00eda Internacional de la Mujer y en Madrid tenemos una larga lista de madrile\u00f1as que han sido importantes para la historia y que queremos recordar en esta semana tan especial.<\/p>\n","protected":false},"author":1,"featured_media":4942,"comment_status":"closed","ping_status":"closed","sticky":false,"template":"","format":"standard","meta":[],"categories":[10],"tags":[72,1323,1329],"_links":{"self":[{"href":"https:\/\/www.gavirental.com\/blog\/wp-json\/wp\/v2\/posts\/4938"}],"collection":[{"href":"https:\/\/www.gavirental.com\/blog\/wp-json\/wp\/v2\/posts"}],"about":[{"href":"https:\/\/www.gavirental.com\/blog\/wp-json\/wp\/v2\/types\/post"}],"author":[{"embeddable":true,"href":"https:\/\/www.gavirental.com\/blog\/wp-json\/wp\/v2\/users\/1"}],"replies":[{"embeddable":true,"href":"https:\/\/www.gavirental.com\/blog\/wp-json\/wp\/v2\/comments?post=4938"}],"version-history":[{"count":1,"href":"https:\/\/www.gavirental.com\/blog\/wp-json\/wp\/v2\/posts\/4938\/revisions"}],"predecessor-version":[{"id":4943,"href":"https:\/\/www.gavirental.com\/blog\/wp-json\/wp\/v2\/posts\/4938\/revisions\/4943"}],"wp:featuredmedia":[{"embeddable":true,"href":"https:\/\/www.gavirental.com\/blog\/wp-json\/wp\/v2\/media\/4942"}],"wp:attachment":[{"href":"https:\/\/www.gavirental.com\/blog\/wp-json\/wp\/v2\/media?parent=4938"}],"wp:term":[{"taxonomy":"category","embeddable":true,"href":"https:\/\/www.gavirental.com\/blog\/wp-json\/wp\/v2\/categories?post=4938"},{"taxonomy":"post_tag","embeddable":true,"href":"https:\/\/www.gavirental.com\/blog\/wp-json\/wp\/v2\/tags?post=4938"}],"curies":[{"name":"wp","href":"https:\/\/api.w.org\/{rel}","templated":true}]}}