{"id":5122,"date":"2023-11-06T11:38:02","date_gmt":"2023-11-06T09:38:02","guid":{"rendered":"https:\/\/www.gavirental.com\/blog\/?p=5122"},"modified":"2023-11-06T11:43:15","modified_gmt":"2023-11-06T09:43:15","slug":"fin-de-semana-de-ocio-en-madrid-exposicion-y-paseo-por-el-centro","status":"publish","type":"post","link":"https:\/\/www.gavirental.com\/blog\/fin-de-semana-de-ocio-en-madrid-exposicion-y-paseo-por-el-centro\/","title":{"rendered":"<strong>Fin de semana de ocio en Madrid: Exposici\u00f3n y paseo por el centro<\/strong>"},"content":{"rendered":"\n<p>Aunque este a\u00f1o el fr\u00edo ya haya venido para quedarse, no hay de qu\u00e9 preocuparse. A\u00fan hay mucho por hacer en la capital. Y es que <strong>Madrid es una ciudad llena de planazos<\/strong> y rincones por descubrir, en cualquier \u00e9poca del a\u00f1o.&nbsp;<\/p>\n\n\n\n<p>Para este invierno te proponemos un par de planes: Exposici\u00f3n y paseo por el centro. \u00bfQu\u00e9 te parece? \u00a1Podr\u00e1s adentrarte en el Madrid m\u00e1s hist\u00f3rico y empaparte de cultura!<\/p>\n\n\n\n<h2><strong>Exposiciones interesantes en Madrid<\/strong><\/h2>\n\n\n\n<p>Cada semana en la gran metr\u00f3polis, tienes a tu disposici\u00f3n decenas y decenas de exposiciones en museos y centros culturales. A continuaci\u00f3n te sugerimos<strong> dos exposiciones en Madrid<\/strong> que te encantar\u00e1n. \u00a1Toma nota!<\/p>\n\n\n\n<p><strong>AMAZ\u00d4NIA<\/strong><\/p>\n\n\n\n<p>Si buscas una<strong> <\/strong><a href=\"https:\/\/amazoniasebastiaosalgado.com\/expo\/\">exposici\u00f3n fotogr\u00e1fica en Madrid<\/a>, Amaz\u00f4nia te parecer\u00e1 una experiencia inolvidable. <strong>Podr\u00e1s sumergirte en el mundo ind\u00edgena del Amazonas,<\/strong> mientras disfrutas de la banda sonora de Jean-Michel Jarre. Adem\u00e1s, incorpora sonidos reales de la selva, recogidos por el Museo de Etnograf\u00eda de Ginebra.&nbsp;<\/p>\n\n\n\n<figure class=\"wp-block-image size-large\"><a href=\"https:\/\/www.gavirental.com\/blog\/wp-content\/uploads\/2023\/11\/Captura.png\"><img decoding=\"async\" loading=\"lazy\" width=\"1024\" height=\"453\" src=\"https:\/\/www.gavirental.com\/blog\/wp-content\/uploads\/2023\/11\/Captura-1024x453.png\" alt=\"Exposici\u00f3n Amaz\u00f4nia, Gavirental\" class=\"wp-image-5128\" srcset=\"https:\/\/www.gavirental.com\/blog\/wp-content\/uploads\/2023\/11\/Captura-1024x453.png 1024w, https:\/\/www.gavirental.com\/blog\/wp-content\/uploads\/2023\/11\/Captura-300x133.png 300w, https:\/\/www.gavirental.com\/blog\/wp-content\/uploads\/2023\/11\/Captura-768x340.png 768w, https:\/\/www.gavirental.com\/blog\/wp-content\/uploads\/2023\/11\/Captura-600x265.png 600w, https:\/\/www.gavirental.com\/blog\/wp-content\/uploads\/2023\/11\/Captura-1536x679.png 1536w, https:\/\/www.gavirental.com\/blog\/wp-content\/uploads\/2023\/11\/Captura.png 1888w\" sizes=\"(max-width: 1024px) 100vw, 1024px\" \/><\/a><\/figure>\n\n\n\n<p><br>Fuente: Traveler<\/p>\n\n\n\n<p>Esta exposici\u00f3n, resultado de siete a\u00f1os de inmersi\u00f3n, es obra del fot\u00f3grafo Sebasti\u00e3o Salgado, premio Pr\u00edncipe de Asturias en 1998. An\u00edmate a ver la exposici\u00f3n de la que ya han disfrutado <strong>m\u00e1s de 1,4 millones de personas alrededor de todo el mundo<\/strong>.<\/p>\n\n\n\n<p><h3><span style=\"font-weight: 400;\"><p><strong>En Movimiento<\/strong><\/p><\/span><\/h3><\/p>\n\n\n\n<p>De fotograf\u00eda pasamos a carruajes. Si te interesa <strong>conocer la <\/strong><a href=\"https:\/\/www.patrimonionacional.es\/actualidad\/noticias\/en-movimiento-la-primera-exposicion-temporal-de-la-galeria-propone-un-recorrido\"><strong>historia de carruajes reales<\/strong><\/a>, la Galer\u00eda de las Colecciones Reales ha creado una exposici\u00f3n temporal: \u201cEn movimiento: Veh\u00edculos y carruajes del Patrimonio Nacional\u201d. Esta colecci\u00f3n est\u00e1 considerada como una de las mejores del mundo.&nbsp;<\/p>\n\n\n\n<figure class=\"wp-block-image size-full\"><a href=\"https:\/\/www.gavirental.com\/blog\/wp-content\/uploads\/2023\/11\/exposicion_en_movimiento.jpg\"><img decoding=\"async\" loading=\"lazy\" width=\"980\" height=\"551\" src=\"https:\/\/www.gavirental.com\/blog\/wp-content\/uploads\/2023\/11\/exposicion_en_movimiento.jpg\" alt=\"Exposici\u00f3n En Movimiento, Gavirental\" class=\"wp-image-5129\" srcset=\"https:\/\/www.gavirental.com\/blog\/wp-content\/uploads\/2023\/11\/exposicion_en_movimiento.jpg 980w, https:\/\/www.gavirental.com\/blog\/wp-content\/uploads\/2023\/11\/exposicion_en_movimiento-300x169.jpg 300w, https:\/\/www.gavirental.com\/blog\/wp-content\/uploads\/2023\/11\/exposicion_en_movimiento-768x432.jpg 768w, https:\/\/www.gavirental.com\/blog\/wp-content\/uploads\/2023\/11\/exposicion_en_movimiento-600x337.jpg 600w\" sizes=\"(max-width: 980px) 100vw, 980px\" \/><\/a><\/figure>\n\n\n\n<p><br>Fuente: Patrimonio Nacional<\/p>\n\n\n\n<p>Podr\u00e1s admirar piezas \u00fanicas, que fueron una aut\u00e9ntica revoluci\u00f3n en el transporte de los siglos XVI al XX. La Berlina dorada, el Land\u00f3 de bronces, el Coche de Cifras, el Coche de Concha, y <strong>muchas m\u00e1s piezas de gran relevancia hist\u00f3rica.<\/strong><\/p>\n\n\n\n<p><\/p>\n\n\n\n<h2><strong>Paseo y ruta por el centro<\/strong><\/h2>\n\n\n\n<p>Para terminar, te proponemos<strong> <\/strong><a href=\"https:\/\/madrid.city-tour.com\/es\/rutas\/ruta-1-madrid-historico\">Madrid Hist\u00f3rico<\/a>: Una ruta en el bus tur\u00edstico Madrid City Tour en el que<strong> descubrir\u00e1s y te adentrar\u00e1s en el coraz\u00f3n de Madrid<\/strong>, y podr\u00e1s admirar las bellezas arquitect\u00f3nicas de la ciudad.&nbsp;<\/p>\n\n\n\n<p>Desde el Paseo del Prado hasta el Madrid de los Austrias, pasando por el Palacio Real, la Puerta de Toledo y la Plaza de Cibeles: Madrid Hist\u00f3rico te ofrecer\u00e1 un recorrido por los puntos m\u00e1s emblem\u00e1ticos y tur\u00edsticos de la capital.<\/p>\n\n\n\n<p><br>Si quieres vivir en una ciudad llena de vitalidad, belleza y planes \u00fanicos, <a href=\"https:\/\/www.gavirental.com\/es\">visita Gavir.<\/a> Podr\u00e1s elegir entre m\u00e1s de 200 apartamentos hasta dar con el adecuado para ti.<\/p>\n","protected":false},"excerpt":{"rendered":"<p>Aunque este a\u00f1o el fr\u00edo ya haya venido para quedarse, no hay de qu\u00e9 preocuparse. A\u00fan hay mucho por hacer en la capital. Y es que Madrid es una ciudad llena de planazos y rincones por descubrir, en cualquier \u00e9poca del a\u00f1o.&nbsp; Para este invierno te proponemos un par de planes: Exposici\u00f3n y paseo por el centro. \u00bfQu\u00e9 te parece? &#8230;<\/p>\n","protected":false},"author":1,"featured_media":5127,"comment_status":"closed","ping_status":"closed","sticky":false,"template":"","format":"standard","meta":[],"categories":[3],"tags":[468,79,72,253],"_links":{"self":[{"href":"https:\/\/www.gavirental.com\/blog\/wp-json\/wp\/v2\/posts\/5122"}],"collection":[{"href":"https:\/\/www.gavirental.com\/blog\/wp-json\/wp\/v2\/posts"}],"about":[{"href":"https:\/\/www.gavirental.com\/blog\/wp-json\/wp\/v2\/types\/post"}],"author":[{"embeddable":true,"href":"https:\/\/www.gavirental.com\/blog\/wp-json\/wp\/v2\/users\/1"}],"replies":[{"embeddable":true,"href":"https:\/\/www.gavirental.com\/blog\/wp-json\/wp\/v2\/comments?post=5122"}],"version-history":[{"count":9,"href":"https:\/\/www.gavirental.com\/blog\/wp-json\/wp\/v2\/posts\/5122\/revisions"}],"predecessor-version":[{"id":5134,"href":"https:\/\/www.gavirental.com\/blog\/wp-json\/wp\/v2\/posts\/5122\/revisions\/5134"}],"wp:featuredmedia":[{"embeddable":true,"href":"https:\/\/www.gavirental.com\/blog\/wp-json\/wp\/v2\/media\/5127"}],"wp:attachment":[{"href":"https:\/\/www.gavirental.com\/blog\/wp-json\/wp\/v2\/media?parent=5122"}],"wp:term":[{"taxonomy":"category","embeddable":true,"href":"https:\/\/www.gavirental.com\/blog\/wp-json\/wp\/v2\/categories?post=5122"},{"taxonomy":"post_tag","embeddable":true,"href":"https:\/\/www.gavirental.com\/blog\/wp-json\/wp\/v2\/tags?post=5122"}],"curies":[{"name":"wp","href":"https:\/\/api.w.org\/{rel}","templated":true}]}}